{"id":19282,"date":"2020-02-01T14:37:40","date_gmt":"2020-02-01T13:37:40","guid":{"rendered":"https:\/\/kuebler.werbe-sofa.de\/presse\/pressemitteilungen\/heizkosten-einsparen\/"},"modified":"2024-10-31T10:12:34","modified_gmt":"2024-10-31T09:12:34","slug":"futesi-koeltsegek-megtakaritasa","status":"publish","type":"pressemitteilungen","link":"https:\/\/www.kuebler-hallenheizungen.de\/hu\/presse\/pressemitteilungen\/heizkosten-einsparen\/","title":{"rendered":"Hogyan lehet 30-70 % f\u0171t\u00e9si k\u00f6lts\u00e9get \u00e9s CO\u2082-t megtakar\u00edtani? - Eg\u00e9sz egyszer\u0171en."},"content":{"rendered":"<p><H\u2082>Fenntarthat\u00f3s\u00e1g, energiahat\u00e9konys\u00e1g, k\u00f6rnyezetv\u00e9delem - a K\u00dcBLER-t\u0151l 30 \u00e9ve<\/H\u2082><br \/>\n\"F\u0171t\u00e9si technol\u00f3gi\u00e1nkkal m\u00e1r most teljes\u00edtj\u00fck a 2030-as hat\u00e9konys\u00e1gi k\u00f6vetelm\u00e9nyeket\" - mondja Thomas K\u00fcbler, a K\u00dcBLER GmbH \u00fcgyvezet\u0151 partnere \u00e9s alap\u00edt\u00f3ja. A hagyom\u00e1nyos rendszerekhez k\u00e9pest m\u00e1r ma is 30-70 % energiamegtakar\u00edt\u00e1s \u00e9rhet\u0151 el. A gyakorlatban, a rendszer m\u00e9ret\u00e9t\u0151l f\u00fcgg\u0151en, ezek a megtakar\u00edt\u00e1sok \u00f3ri\u00e1si sz\u00e1mokat tehetnek ki. Egy hageni ipari v\u00e1llalatn\u00e1l p\u00e9ld\u00e1ul a CO\u2082- \u00e9s energiak\u00f6lts\u00e9gek mintegy 1500 tonn\u00e1val \u00e9s 340 000 eur\u00f3val cs\u00f6kkentek.<\/p>\n<p>\"Csarnokf\u0171t\u00e9si rendszereink \u00f6kol\u00f3giailag \u00e9s gazdas\u00e1gilag is \u00e9rdekesek\" - mondja a K\u00dcBLER. Nem v\u00e9letlen, hogy a csarnokf\u0171t\u00e9si specialist\u00e1t rendszeresen rangos d\u00edjakkal jutalmazz\u00e1k megold\u00e1sai\u00e9rt. Ezek k\u00f6z\u00e9 tartozik a N\u00e9met Fenntarthat\u00f3s\u00e1gi D\u00edj \u00e9s a Rajna-vid\u00e9k-Pfalz Innov\u00e1ci\u00f3s D\u00edj. A K\u00dcBLER 30 \u00e9ve \u00fajra \u00e9s \u00fajra \u00faj trendeket hat\u00e1roz meg, \u00e9s ezzel meghat\u00e1roz\u00f3 szerepet j\u00e1tszik a modern csarnokf\u0171t\u00e9s fejl\u0151d\u00e9s\u00e9ben.<\/p>\n<p>Az olyan infrav\u00f6r\u00f6s f\u0171t\u00e9si rendszerek, mint a MAXIMA, ma m\u00e1r ak\u00e1r 80 % infrav\u00f6r\u00f6s sug\u00e1rz\u00e1st is megval\u00f3s\u00edtanak, \u00e9s ez\u00e9rt a leghat\u00e9konyabb s\u00f6t\u00e9t radi\u00e1torok k\u00f6z\u00e9 tartoznak. A W\u00c4RME 4.0-val a K\u00dcBLER megnyitja az utat a csarnokf\u0171t\u00e9s digit\u00e1lis \u00e9s h\u00e1l\u00f3zatba kapcsolt j\u00f6v\u0151je fel\u00e9. A t\u00f6bbsz\u00f6r\u00f6sen szabadalmaztatott CELESTRA vez\u00e9rl\u0151rendszer \u00e9s az EMMA h\u0151kezel\u0151 szoftver \u00e9rdekes elemz\u00e9si lehet\u0151s\u00e9geket k\u00edn\u00e1l - \u00e9s az el\u0151felt\u00e9tele az olyan teljesen \u00faj szolg\u00e1ltat\u00e1si term\u00e9keknek, mint a HeizWerk b\u00e9rleti modell.<br \/>\n<H\u2082>Az energiatakar\u00e9kos csarnokf\u0171t\u00e9s 3 aranyszab\u00e1lya<\/H\u2082><br \/>\nA K\u00dcBLER \u00fagy v\u00e9li, hogy az energiatakar\u00e9koss\u00e1g ma k\u00f6nnyebb, mint valaha, k\u00fcl\u00f6n\u00f6sen a csarnokok ter\u00fclet\u00e9n. Az innov\u00e1ci\u00f3vezet\u0151 c\u00e9g az SHK Essen l\u00e1togat\u00f3it \"3 aranyszab\u00e1ly az energiahat\u00e9kony csarnokf\u0171t\u00e9shez\" c\u00edmmel egy gyakorlatorient\u00e1lt 10 perces f\u00f3rummal ismerteti meg. A csarnokf\u0171t\u00e9si szakember lehet\u0151s\u00e9get k\u00edn\u00e1l arra, hogy a standon el\u0151re fix id\u0151pontot egyeztessenek, hogy ne kelljen v\u00e1rakoz\u00e1si id\u0151t kock\u00e1ztatni, m\u00e9g nagy t\u00f6meg eset\u00e9n sem.<\/p>\n<p>Az SHK \u00e9vek \u00f3ta az egyik legfontosabb platform, ahol a K\u00dcBLER bemutatja innov\u00e1ci\u00f3it. Az \u00e9v els\u0151 ipar\u00e1gi rendezv\u00e9nyek\u00e9nt \u00e9s a nyugat-n\u00e9metorsz\u00e1gi, BeNeLux \u00e9s franciaorsz\u00e1gi HVAC-szakemberek tal\u00e1lkoz\u00e1si pontjak\u00e9nt a szakma, a telep\u00edt\u00e9s, a tervez\u00e9s \u00e9s a tan\u00e1csad\u00e1s ter\u00fclet\u00e9n dolgoz\u00f3 szakemberek sz\u00e1m\u00e1ra 2020. m\u00e1rcius 10. \u00e9s m\u00e1rcius 13. k\u00f6z\u00f6tt ker\u00fcl megrendez\u00e9sre a v\u00e1s\u00e1r.<\/p>","protected":false},"featured_media":2451,"template":"","categories":[],"class_list":["post-19282","pressemitteilungen","type-pressemitteilungen","status-publish","has-post-thumbnail","hentry"],"acf":[],"_links":{"self":[{"href":"https:\/\/www.kuebler-hallenheizungen.de\/hu\/wp-json\/wp\/v2\/pressemitteilungen\/19282","targetHints":{"allow":["GET"]}}],"collection":[{"href":"https:\/\/www.kuebler-hallenheizungen.de\/hu\/wp-json\/wp\/v2\/pressemitteilungen"}],"about":[{"href":"https:\/\/www.kuebler-hallenheizungen.de\/hu\/wp-json\/wp\/v2\/types\/pressemitteilungen"}],"wp:featuredmedia":[{"embeddable":true,"href":"https:\/\/www.kuebler-hallenheizungen.de\/hu\/wp-json\/wp\/v2\/media\/2451"}],"wp:attachment":[{"href":"https:\/\/www.kuebler-hallenheizungen.de\/hu\/wp-json\/wp\/v2\/media?parent=19282"}],"wp:term":[{"taxonomy":"category","embeddable":true,"href":"https:\/\/www.kuebler-hallenheizungen.de\/hu\/wp-json\/wp\/v2\/categories?post=19282"}],"curies":[{"name":"wp","href":"https:\/\/api.w.org\/{rel}","templated":true}]}}