{"id":19288,"date":"2019-09-02T09:39:02","date_gmt":"2019-09-02T07:39:02","guid":{"rendered":"https:\/\/kuebler.werbe-sofa.de\/presse\/pressemitteilungen\/wie-klimaschutzziele-erreichbar-und-bezahlbar-werden\/"},"modified":"2024-10-31T10:14:51","modified_gmt":"2024-10-31T09:14:51","slug":"hogyan-valnak-az-eghajlatvedelmi-celok-elerhetove-es-megfizethetove","status":"publish","type":"pressemitteilungen","link":"https:\/\/www.kuebler-hallenheizungen.de\/hu\/presse\/pressemitteilungen\/wie-klimaschutzziele-erreichbar-und-bezahlbar-werden\/","title":{"rendered":"A g\u00e1z lehet z\u00f6ld. Hogyan lehet el\u00e9rni \u00e9s megfizethet\u0151v\u00e9 tenni az \u00e9ghajlatv\u00e9delmi c\u00e9lokat."},"content":{"rendered":"<p>A rendk\u00edv\u00fcl innovat\u00edv technol\u00f3gi\u00e1k, mint p\u00e9ld\u00e1ul a K\u00dcBLER infrav\u00f6r\u00f6s f\u0171t\u0151berendez\u00e9sei \u00e1ltal k\u00edn\u00e1lt magas megtakar\u00edt\u00e1si potenci\u00e1l k\u00fcl\u00f6n\u00f6sen amellett sz\u00f3l, hogy a j\u00f6v\u0151ben sokkal jobban ki kell haszn\u00e1lni a g\u00e1zban mint energiaforr\u00e1sban rejl\u0151 lehet\u0151s\u00e9geket. Csak ennek a z\u00f6ld energiaforr\u00e1snak a bevon\u00e1s\u00e1val lehet megfizethet\u0151en \u00e9s hat\u00e9konyan el\u00e9rni a 2050-es \u00e9ghajlatv\u00e9delmi c\u00e9lokat. Mi t\u00f6rt\u00e9nne m\u00e1sk\u00e9pp? A mindenki \u00e1ltal k\u00edv\u00e1nt f\u0171t\u00e9si \u00e1t\u00e1ll\u00e1s megnehez\u00fclne, a CO<sub>2 <\/sub>megtakar\u00edt\u00e1sok sz\u00fcks\u00e9gtelen\u00fcl megdr\u00e1gulnak, \u00e9s az energetikai \u00e1tmenet egyik kulcsfontoss\u00e1g\u00fa infrastrukt\u00far\u00e1j\u00e1t adja \u00e1t.<br \/>\n<H\u2082>A l\u00e9nyeg:<\/H\u2082><br \/>\nM\u00e1r ma is jelent\u0151s CO\u2082-megtakar\u00edt\u00e1s \u00e9rhet\u0151 el, k\u00fcl\u00f6n\u00f6sen a f\u0171t\u00e9si \u00e1gazatban. Ez pedig k\u00fcl\u00f6n\u00f6sen k\u00f6lts\u00e9ghat\u00e9kony. A f\u00f6ldg\u00e1znak ugyanis l\u00e9nyegesen alacsonyabb a kibocs\u00e1t\u00e1sa, mint a sz\u00e9nnek \u00e9s a k\u0151olajnak. A biomet\u00e1n tov\u00e1bb n\u00f6veli ezt az el\u0151nyt. A szintetikus z\u00f6ld g\u00e1zok pedig meg\u00fajul\u00f3 energiaforr\u00e1sokb\u00f3l \u00e1ll\u00edthat\u00f3k el\u0151 modern power-to-gas technol\u00f3gi\u00e1kkal, \u00e9s minden \u00e1gazatban felhaszn\u00e1lhat\u00f3k. A j\u00f6v\u0151 energiarendszer\u00e9ben a g\u00e1zok 100 sz\u00e1zal\u00e9kban meg\u00fajul\u00f3 vagy \u00fcvegh\u00e1zhat\u00e1st nem okoz\u00f3 g\u00e1zok lehetnek.<br \/>\n<H\u2082>Forr\u00e1sok:<\/H\u2082><br \/>\n1) <a href=\"https:\/\/www.bdew.de\/media\/documents\/20161028_KSP_Appell_der_Gaswirtschaft_final.pdf\" target=\"_blank\" rel=\"noopener\">A g\u00e1zipar felh\u00edv\u00e1sa az \u00e9ghajlatv\u00e9delmi tervvel kapcsolatban<\/a><\/p>\n<p>2) GAEEH - el\u0151zetes z\u00e1r\u00f3jelent\u00e9s, ITG Drezda<\/p>\n<p>3) <a href=\"https:\/\/www.dvgw.de\/themen\/gas-und-energiewende\/energie-impuls\/impuls-gas-kann-gruen\/\" target=\"_blank\" rel=\"noopener\">DVGW \"Energiaimpulzus\"<\/a><\/p>","protected":false},"featured_media":2507,"template":"","categories":[],"class_list":["post-19288","pressemitteilungen","type-pressemitteilungen","status-publish","has-post-thumbnail","hentry"],"acf":[],"_links":{"self":[{"href":"https:\/\/www.kuebler-hallenheizungen.de\/hu\/wp-json\/wp\/v2\/pressemitteilungen\/19288","targetHints":{"allow":["GET"]}}],"collection":[{"href":"https:\/\/www.kuebler-hallenheizungen.de\/hu\/wp-json\/wp\/v2\/pressemitteilungen"}],"about":[{"href":"https:\/\/www.kuebler-hallenheizungen.de\/hu\/wp-json\/wp\/v2\/types\/pressemitteilungen"}],"wp:featuredmedia":[{"embeddable":true,"href":"https:\/\/www.kuebler-hallenheizungen.de\/hu\/wp-json\/wp\/v2\/media\/2507"}],"wp:attachment":[{"href":"https:\/\/www.kuebler-hallenheizungen.de\/hu\/wp-json\/wp\/v2\/media?parent=19288"}],"wp:term":[{"taxonomy":"category","embeddable":true,"href":"https:\/\/www.kuebler-hallenheizungen.de\/hu\/wp-json\/wp\/v2\/categories?post=19288"}],"curies":[{"name":"wp","href":"https:\/\/api.w.org\/{rel}","templated":true}]}}