{"id":19313,"date":"2023-03-24T13:33:20","date_gmt":"2023-03-24T12:33:20","guid":{"rendered":"https:\/\/kuebler.werbe-sofa.de\/presse\/pressemitteilungen\/hallen-in-der-energiewende-wirtschaftlich-heizen\/"},"modified":"2024-10-31T10:02:07","modified_gmt":"2024-10-31T09:02:07","slug":"futocsarnokok-gazdasagos-futese-az-energetikai-atallasban","status":"publish","type":"pressemitteilungen","link":"https:\/\/www.kuebler-hallenheizungen.de\/hu\/presse\/pressemitteilungen\/hallen-in-der-energiewende-wirtschaftlich-heizen\/","title":{"rendered":"F\u0171t\u0151csarnokok gazdas\u00e1gos f\u0171t\u00e9se az energetikai \u00e1t\u00e1ll\u00e1sban"},"content":{"rendered":"<div><strong>ISh23 - A K\u00dcBLER vil\u00e1gels\u0151 multi-energi\u00e1s infrav\u00f6r\u00f6s f\u0171t\u00e9si rendszere nagy n\u00e9pszer\u0171s\u00e9gnek \u00f6rvend a vezet\u0151 v\u00e1s\u00e1ron Frankfurt am Mainban<\/strong><\/div>\n<div><\/div>\n<div>\"Sok csillog\u00f3 szemet l\u00e1ttunk, amikor bemutattuk a multi-energia rendszer\u00fcnket\" - mondja Thomas K\u00fcbler, a csarnokf\u0171t\u00e9sre specializ\u00e1l\u00f3dott K\u00dcBLER alap\u00edt\u00f3ja \u00e9s \u00fcgyvezet\u0151 igazgat\u00f3ja. A hat\u00e9konys\u00e1gi megold\u00e1sok magas szint\u0171 f\u0171t\u00e9si \u00e9s \u00fczemeltet\u00e9si k\u00e9nyelme, p\u00e1rosulva a meg\u00fajul\u00f3 energi\u00e1k ir\u00e1nti nyitotts\u00e1ggal \u00e9s a csarnokvil\u00e1g\u00edt\u00e1s egyetlen k\u00e9sz\u00fcl\u00e9kkel val\u00f3 lefed\u00e9s\u00e9nek lehet\u0151s\u00e9g\u00e9vel, mindez rendk\u00edv\u00fcl \u00e9rdekes gazdas\u00e1gi felt\u00e9telek mellett, sok \u00e9rdekl\u0151d\u0151t k\u00e9sztetett arra, hogy felfigyeljenek r\u00e1. Egy lelkes l\u00e1togat\u00f3:<\/div>\n<div><\/div>\n<div>\"V\u00e9gre egy olyan megold\u00e1s, amely a val\u00f3s\u00e1gon alapul, \u00e9s m\u00e9gis \u00f6szt\u00f6nzi az energetikai \u00e1tmenetet.\"<\/div>\n<div><\/div>\n<div>A K\u00dcBLER a szaniter-, f\u0171t\u00e9s- \u00e9s kl\u00edmatechnikai \u00e1gazat vezet\u0151 nemzetk\u00f6zi szakki\u00e1ll\u00edt\u00e1s\u00e1n h\u00e1rom vil\u00e1g\u00fajdons\u00e1got mutat be a szakmabelieknek:<\/div>\n<div><\/div>\n<p><H\u2082>FUTURA - a multi-energi\u00e1s infrav\u00f6r\u00f6s f\u0171t\u0151berendez\u00e9s<\/H\u2082><br \/>\n&nbsp;<\/p>\n<div>A FUTURA multi-energia infrav\u00f6r\u00f6s f\u0171t\u00e9s nem v\u00e9letlen\u00fcl kapta ezt a nevet. A j\u00f6v\u0151be mutat\u00f3 f\u0171t\u00e9si rendszer k\u00fcl\u00f6nb\u00f6z\u0151 energiaforr\u00e1sokkal m\u0171k\u00f6dtethet\u0151, mivel az \u00faj gener\u00e1ci\u00f3s f\u0171t\u00e9s H\u2082 \u00e9s \u00e1ram, valamint minden t\u00edpus\u00fa g\u00e1z (f\u00f6ldg\u00e1z, (bio-)foly\u00e9kony g\u00e1z \u00e9s biog\u00e1z) felhaszn\u00e1l\u00e1s\u00e1ra alkalmas. \u00c9s mindezt v\u00e1ltoz\u00f3 ar\u00e1nyban. Ahol a meg\u00fajul\u00f3 alternat\u00edv\u00e1k m\u00e9g nem \u00e1llnak rendelkez\u00e9sre elegend\u0151 mennyis\u00e9gben vagy m\u00e9g nem gazdas\u00e1gosak, a bev\u00e1lt energiaforr\u00e1sok biztos\u00edtj\u00e1k az ell\u00e1t\u00e1s biztons\u00e1g\u00e1t, mint \u00e1tmeneti technol\u00f3gia a sz\u00e9n-dioxid-mentes j\u00f6v\u0151 fel\u00e9. Min\u00e9l \u201ez\u00f6ldebb\u201c lesz az energiaell\u00e1t\u00e1s infrastrukt\u00far\u00e1ja, azaz min\u00e9l t\u00f6bb z\u00f6ld \u00e1ram vagy z\u00f6ld hidrog\u00e9n vagy mindkett\u0151 el\u00e9rhet\u0151 megfizethet\u0151 \u00e1ron, ann\u00e1l nagyobb lesz azok ar\u00e1nya a f\u0171t\u00e9sben, \u00e9s ennek megfelel\u0151en cs\u00f6kken a g\u00e1z ar\u00e1nya. Ez a rugalmass\u00e1g r\u00e9v\u00e9n a K\u00dcBLER vil\u00e1gszerte egyed\u00fcl\u00e1ll\u00f3 \u00faj\u00edt\u00e1sa m\u00e1r ma is befektet\u00e9sbiztos utat jel\u00f6l a dekarboniz\u00e1ci\u00f3 fel\u00e9, azzal az el\u0151nnyel, hogy mindig a leggazdas\u00e1gosabb form\u00e1ban biztos\u00edtja a h\u0151ell\u00e1t\u00e1st.<\/div>\n<h4>\"Ma m\u00e9g senki sem tudja, hogyan fog alakulni az energiapiac. A FUTURA eset\u00e9ben ez nem sz\u00e1m\u00edt. Mert f\u00fcggetlen\u00fcl att\u00f3l, hogy a z\u00f6ld hidrog\u00e9n vagy az elektromos \u00e1ram hat\u00e1rozza meg a j\u00f6v\u0151t, ez a f\u0171t\u00e9si rendszer mindkett\u0151re k\u00e9pes, \u00e9s (bio)g\u00e1zzal is \u00e1thidalja a szakad\u00e9kot.\"<\/h4>\n<p>&nbsp;<\/p>\n<div>A z\u00f6ld f\u0171t\u00e9s rendk\u00edv\u00fcl gazdas\u00e1gos az ipar, a kereskedelem \u00e9s a helyi hat\u00f3s\u00e1gok sz\u00e1m\u00e1ra. Az ak\u00e1r 70 sz\u00e1zal\u00e9kkal kisebb fogyaszt\u00e1ssal mindk\u00e9t f\u00e9l j\u00f3l j\u00e1r: a v\u00e1llalatok \u00e9s a k\u00f6rnyezet is. A K\u00dcBLER e vil\u00e1g\u00fajdons\u00e1ga m\u00f6g\u00f6tt h\u00e9t szabadalom, k\u00f6zt\u00fck k\u00e9t \u00faj alkalmaz\u00e1s \u00e1ll. A \"Made in Germany\" m\u00e9rn\u00f6ki fejleszt\u00e9s \u00e9s kutat\u00f3munka kiv\u00e1l\u00f3 p\u00e9ld\u00e1ja.<\/div>\n<div>M\u00e9g az ISH-n t\u00f6rt\u00e9n\u0151 piaci bevezet\u00e9se el\u0151tt a vil\u00e1g\u00fajdons\u00e1got a Rajna-vid\u00e9k-Pfalz SUCCESS 2022 rendezv\u00e9nyen \"Innovat\u00edv kl\u00edmav\u00e9delmi technol\u00f3gia\" c\u00edmmel ismert\u00e9k el, \u00e9s jel\u00f6lt\u00e9k a n\u00e9met innov\u00e1ci\u00f3s d\u00edjra.<\/div>\n<p>&nbsp;<\/p>\n<div><\/div>\n<div>A FUTURA nem csak energetikai nyitotts\u00e1g\u00e1\u00e9rt \u00e9s hat\u00e9konys\u00e1g\u00e1\u00e9rt kapta a kit\u00fcntet\u00e9st. El\u0151sz\u00f6r fordult el\u0151, hogy a csarnok\u00e9p\u00fcletek f\u0171t\u00e9si \u00e9s vil\u00e1g\u00edt\u00e1si funkci\u00f3it egyetlen rendszerben egyes\u00edtett\u00e9k.<\/div>\n<h4>\"V\u00e9g\u00fcl is semmi sincs k\u00f6zelebb a csarnok mennyezet\u00e9hez, mint a f\u00e9ny\",<\/h4>\n<p>&nbsp;<\/p>\n<div>mondja K\u00fcbler. Az energiatakar\u00e9kos LED-modulok a k\u00e9t v\u00e9g\u00e9n l\u00e9v\u0151 k\u00e9t sapk\u00e1n 500 lux alapvil\u00e1g\u00edt\u00e1ssal kiv\u00e1l\u00f3 min\u0151s\u00e9g\u0171 f\u00e9nyt \u00e9s f\u00e1radts\u00e1gmentes munkak\u00f6r\u00fclm\u00e9nyeket biztos\u00edtanak. V\u00e9gmodulonk\u00e9nt egy vagy k\u00e9t l\u00e1mp\u00e1val ell\u00e1tott v\u00e1ltozatok is kaphat\u00f3k. Ez biztos\u00edtja, hogy a k\u00fcl\u00f6nb\u00f6z\u0151 belmagass\u00e1g\u00fa helyis\u00e9gek ide\u00e1lis megvil\u00e1g\u00edt\u00e1st kapjanak. A vil\u00e1g\u00edt\u00e1si h\u00e9zagok - p\u00e9ld\u00e1ul a f\u0171tetlen csarnokz\u00f3n\u00e1kban - k\u00fcl\u00f6n\u00e1ll\u00f3 l\u00e1mpaelemekkel is lez\u00e1rhat\u00f3k. L\u00e9tezik l\u00e1mpatestek n\u00e9lk\u00fcli v\u00e1ltozat is, k\u00fcl\u00f6n\u00f6sen az energiatakar\u00e9kos fel\u00faj\u00edt\u00e1shoz. A f\u0171t\u00e9s \u00e9s a vil\u00e1g\u00edt\u00e1s kombin\u00e1ci\u00f3ja azonban nagy gazdas\u00e1gi el\u0151ny\u00f6ket k\u00edn\u00e1l, k\u00fcl\u00f6n\u00f6sen \u00faj csarnok\u00e9p\u00fcletekn\u00e9l, f\u00fcggetlen\u00fcl azok haszn\u00e1lat\u00e1t\u00f3l. Ennek oka, hogy a 2 az 1-ben vil\u00e1gels\u0151 p\u00e9ld\u00e1ul fel\u00e9re cs\u00f6kkenti a tervez\u00e9ssel \u00e9s k\u00e1belez\u00e9ssel j\u00e1r\u00f3 munk\u00e1t \u00e9s k\u00f6lts\u00e9geket.<\/div>\n<div><\/div>\n<p><H\u2082>FUTURA cool - F\u0171t\u00e9s, h\u0171t\u00e9s \u00e9s vil\u00e1g\u00edt\u00e1s csarnokokban<\/H\u2082><br \/>\n&nbsp;<\/p>\n<div>A FUTURA cool egyszerre h\u00e1rom funkci\u00f3t egyes\u00edt. A K\u00dcBLER ezen innov\u00e1ci\u00f3ja ny\u00e1ron h\u0171t\u00e9st biztos\u00edt, t\u00e9len pedig a val\u00f3sz\u00edn\u0171leg leghat\u00e9konyabb h\u0151teljes\u00edtm\u00e9nyt z\u00f6ld vagy bev\u00e1lt energiaforr\u00e1sokb\u00f3l. Mindkett\u0151 modern LED vil\u00e1g\u00edt\u00e1ssal kombin\u00e1lva. Ez a K\u00dcBLER K+F csapat\u00e1nak intelligens fejleszt\u00e9si munk\u00e1j\u00e1nak, intelligens vez\u00e9rl\u00e9si technol\u00f3gi\u00e1nak \u00e9s a h\u0151szivatty\u00fak modern gener\u00e1ci\u00f3j\u00e1nak eredm\u00e9nye. Leny\u0171g\u00f6z\u0151 SEER-\u00e9rt\u00e9kkel. Hogy az ipar \u00e9s a kereskedelem is hozz\u00e1j\u00e1rulhasson az energiafordulathoz - megfizethet\u0151, gazdas\u00e1gilag \u00e9letk\u00e9pes \u00e9s fenntarthat\u00f3 m\u00f3don.<\/div>\n<div><\/div>\n<h4>\"Az a t\u00e9ny, hogy a k\u00fcl\u00f6nb\u00f6z\u0151 energiaforr\u00e1sokat vegyesen vagy \u00f6nmagukban is lehet haszn\u00e1lni egy k\u00e9sz\u00fcl\u00e9kben, rendk\u00edv\u00fcl felhaszn\u00e1l\u00f3bar\u00e1tt\u00e1 \u00e9s rugalmass\u00e1 teszi az \u00faj multi-energia f\u0171t\u0151berendez\u00e9seket.\"<\/h4>\n<p><H\u2082>MAXIMA E-Hybrid - nagy hat\u00e9konys\u00e1g\u00fa IR-technol\u00f3gia plusz elektromoss\u00e1g<\/H\u2082><br \/>\n&nbsp;<\/p>\n<div>A MAXIMA nagy hat\u00e9konys\u00e1g\u00fa term\u00e9kcsal\u00e1ddal a K\u00dcBLER is el\u0151seg\u00edti a dekarboniz\u00e1ci\u00f3t. A MAXIMA ugyanis kiv\u00e1l\u00f3 hat\u00e9konys\u00e1gi \u00e9rt\u00e9kei mellett mostant\u00f3l MAXIMA E-Hybrid n\u00e9ven intelligens tov\u00e1bbfejleszt\u00e9sk\u00e9nt is meggy\u0151z\u0151. Az \u00faj E-Hybrid v\u00e1ltozat energiaforr\u00e1sk\u00e9nt z\u00f6ld fotovoltaikus vagy h\u00e1l\u00f3zati \u00e1ramot is felhaszn\u00e1lhat. Term\u00e9szetesen H\u2082-kompatibilis is. A nagy teljes\u00edtm\u00e9ny\u0171, nagy hat\u00e9konys\u00e1g\u00fa term\u00e9kcsal\u00e1d sz\u00e9les t\u00edpusv\u00e1laszt\u00e9k\u00e1r\u00f3l, valamint k\u00fcl\u00f6n\u00f6sen gazdas\u00e1gos \u00e9s k\u00f6rnyezetbar\u00e1t f\u0171t\u00e9si m\u0171k\u00f6d\u00e9s\u00e9r\u0151l ismert. Az \u00e1tmeneti id\u0151szakban met\u00e1nnal, foly\u00e9kony g\u00e1zzal vagy biog\u00e1zzal is \u00fczemeltethet\u0151. A megl\u00e9v\u0151 berendez\u00e9sek \u00fczemeltet\u0151it biztosan \u00e9rdekelni fogja, hogy az E-Hybrid v\u00e1ltozat egy intelligens ut\u00f3lagos felszerel\u00e9si k\u00e9szlettel egyszer\u0171en \u00e9s k\u00f6lts\u00e9ghat\u00e9konyan ut\u00f3lag is felszerelhet\u0151.<\/div>\n<div><\/div>\n<p>&nbsp;<\/p>\n<div>Senki sem tudja, hogyan fog alakulni az energiapiac. A FUTURA, a FUTURA cool \u00e9s a MAXIMA-E-Hybrid eset\u00e9ben ez nem sz\u00e1m\u00edt. F\u00fcggetlen\u00fcl att\u00f3l, hogy a z\u00f6ld hidrog\u00e9n vagy az elektromos \u00e1ram hat\u00e1rozza meg a j\u00f6v\u0151t, ezek a f\u0171t\u0151berendez\u00e9sek mindkett\u0151re k\u00e9pesek - plusz (bio)g\u00e1zra. Ezek a vil\u00e1g\u00fajdons\u00e1gok GEG-konformak \u00e9s energiasemlegesek. Nem sz\u00e1m\u00edt, hogy a j\u00f6v\u0151ben melyik k\u00f6zeg \u00e9s milyen \u00e1ron lesz el\u00e9rhet\u0151.<\/div>\n<div><\/div>\n<p>&nbsp;<\/p>\n<div>A 154 orsz\u00e1gb\u00f3l \u00e9rkez\u0151 153 734 l\u00e1togat\u00f3val \u00e9s 54 orsz\u00e1gb\u00f3l \u00e9rkez\u0151 2025 ki\u00e1ll\u00edt\u00f3val (562 N\u00e9metorsz\u00e1gb\u00f3l, 1463 k\u00fclf\u00f6ldr\u0151l) az ISH nem volt olyan j\u00f3l l\u00e1togathat\u00f3, mint 2019-ben (amikor mintegy 190 000 l\u00e1togat\u00f3 \u00e9s 2532 ki\u00e1ll\u00edt\u00f3 57 orsz\u00e1gb\u00f3l tal\u00e1lkozott Frankfurtban) a vil\u00e1gj\u00e1rv\u00e1ny miatti n\u00e9gy\u00e9ves sz\u00fcnet ut\u00e1n. N\u00e9metorsz\u00e1g ut\u00e1n a legfontosabb l\u00e1togat\u00f3orsz\u00e1gok k\u00f6z\u00e9 tartozott Hollandia, Olaszorsz\u00e1g, Franciaorsz\u00e1g, Sv\u00e1jc, Belgium, K\u00edna, az Egyes\u00fclt Kir\u00e1lys\u00e1g, Lengyelorsz\u00e1g, Ausztria \u00e9s T\u00f6r\u00f6korsz\u00e1g. A nagyfok\u00fa el\u00e9gedetts\u00e9g azt mutatja, hogy meg\u00e9rte az utaz\u00e1suk. A Messe Frankfurt \u00e1ltal v\u00e9gzett felm\u00e9r\u00e9s szerint 94 sz\u00e1zal\u00e9kuk \u00fagy \u00e9rezte, hogy el\u00e9rte a v\u00e1s\u00e1r c\u00e9ljait, \u00e9s 96 sz\u00e1zal\u00e9kuk el\u00e9gedett volt a ki\u00e1ll\u00edtott t\u00e1rgyak k\u00edn\u00e1lat\u00e1val. A l\u00e1togat\u00f3k 52 sz\u00e1zal\u00e9ka az \u00e1gazat gazdas\u00e1gi helyzet\u00e9nek javul\u00e1s\u00e1ra sz\u00e1m\u00edt.<\/div>\n<div><\/div>\n<p>&nbsp;<\/p>\n<div>1) \u00c9s a vil\u00e1g \u00faj multienergi\u00e1s infrav\u00f6r\u00f6s f\u0171t\u0151berendez\u00e9sei m\u00f6g\u00f6tt \u00e1ll\u00f3 csapat is pozit\u00edvan nyilatkozik. Thomas K\u00fcbler:<\/div>\n<div><\/div>\n<h4>\"\u00d6r\u00fcl\u00fcnk, hogy innov\u00e1ci\u00f3inkkal hozz\u00e1j\u00e1rulhatunk az energetikai \u00e1t\u00e1ll\u00e1shoz, \u00e9s olyan megold\u00e1sokat k\u00edn\u00e1lunk \u00fcgyfeleinknek, amelyekkel beruh\u00e1z\u00e1sbiztos, funkcion\u00e1lis \u00e9s megfizethet\u0151 m\u00f3don k\u00e9pesek uralni nagy \u00e9p\u00fcleteik f\u0171t\u00e9si ig\u00e9nyeit.\"<\/h4>\n<p><br class=\"\u201cclear\u201d\" \/>V\u00e1rjuk a kiadv\u00e1nyt. A sajt\u00f3k\u00f6zlem\u00e9ny + k\u00e9pek let\u00f6lthet\u0151k az al\u00e1bbi linken: <a href=\"https:\/\/www.kuebler-hallenheizungen.de\/wp-content\/uploads\/2023\/03\/MI_ISH_2023_Bilanz.zip\">https:\/\/www.kuebler-hallenheizungen.de\/wp-content\/uploads\/2023\/03\/MI_ISH_2023_Bilanz.zip<\/a><\/p>\n<p>&nbsp;<\/p>","protected":false},"featured_media":18230,"template":"","categories":[],"class_list":["post-19313","pressemitteilungen","type-pressemitteilungen","status-publish","has-post-thumbnail","hentry"],"acf":[],"_links":{"self":[{"href":"https:\/\/www.kuebler-hallenheizungen.de\/hu\/wp-json\/wp\/v2\/pressemitteilungen\/19313","targetHints":{"allow":["GET"]}}],"collection":[{"href":"https:\/\/www.kuebler-hallenheizungen.de\/hu\/wp-json\/wp\/v2\/pressemitteilungen"}],"about":[{"href":"https:\/\/www.kuebler-hallenheizungen.de\/hu\/wp-json\/wp\/v2\/types\/pressemitteilungen"}],"wp:featuredmedia":[{"embeddable":true,"href":"https:\/\/www.kuebler-hallenheizungen.de\/hu\/wp-json\/wp\/v2\/media\/18230"}],"wp:attachment":[{"href":"https:\/\/www.kuebler-hallenheizungen.de\/hu\/wp-json\/wp\/v2\/media?parent=19313"}],"wp:term":[{"taxonomy":"category","embeddable":true,"href":"https:\/\/www.kuebler-hallenheizungen.de\/hu\/wp-json\/wp\/v2\/categories?post=19313"}],"curies":[{"name":"wp","href":"https:\/\/api.w.org\/{rel}","templated":true}]}}