{"id":27857,"date":"2025-07-18T09:42:31","date_gmt":"2025-07-18T07:42:31","guid":{"rendered":"https:\/\/www.kuebler-hallenheizungen.de\/?post_type=pressemitteilungen&#038;p=27857"},"modified":"2025-12-01T11:49:14","modified_gmt":"2025-12-01T10:49:14","slug":"35-energiamegtakaritast-terveztuenk-de-toebb-mint-70-et-valositottunk-meg","status":"publish","type":"pressemitteilungen","link":"https:\/\/www.kuebler-hallenheizungen.de\/hu\/presse\/pressemitteilungen\/geplant-waren-35-energieeinsparung-realisiert-haben-wir-ueber-70\/","title":{"rendered":"\"A terv az volt, hogy 35 % energi\u00e1t takar\u00edtunk meg, de t\u00f6bb mint 70 % energi\u00e1t val\u00f3s\u00edtottunk meg.\""},"content":{"rendered":"<p><strong>A fel\u00faj\u00edt\u00e1si projekt<\/strong><\/p>\n<p>1994 \u00f3ta a neuss-i f\u0151 telephely csarnokait k\u00f6zponti melegleveg\u0151-rendszerrel f\u0171t\u00f6tt\u00e9k, amely g\u00e1z\u00fczem\u0171 melegv\u00edz-kaz\u00e1nrendszerrel m\u0171k\u00f6d\u00f6tt, ami magas energiak\u00f6lts\u00e9geket eredm\u00e9nyezett. A v\u00e1llalat saj\u00e1t ambici\u00f3zus \u00e9ghajlati c\u00e9ljainak el\u00e9r\u00e9se \u00e9s a hat\u00e9konys\u00e1g n\u00f6vel\u00e9se \u00e9rdek\u00e9ben 2021-ben \u00fagy d\u00f6nt\u00f6ttek, hogy modern, decentraliz\u00e1lt f\u0171t\u00e9si rendszerre \u00e1llnak \u00e1t. Az Enviconsult m\u00e9rn\u00f6ki c\u00e9ggel egy\u00fcttm\u0171k\u00f6dve h\u0151ig\u00e9nyelemz\u00e9st v\u00e9geztek, \u00e9s kidolgoztak egy koncepci\u00f3t a r\u00e9gi kaz\u00e1nok kikapcsol\u00e1s\u00e1ra \u00e9s a modern infrav\u00f6r\u00f6s f\u0171t\u00e9s bevezet\u00e9s\u00e9re.<\/p>\n<p><strong>K\u00f6vetelm\u00e9nyek \u00e9s v\u00e9grehajt\u00e1s<\/strong><\/p>\n<p>Az ATN 2017 \u00f3ta haszn\u00e1lja a K\u00dcBLER decentraliz\u00e1lt infrav\u00f6r\u00f6s f\u0171t\u0151berendez\u00e9seit egyik fi\u00f3kj\u00e1ban. A csarnokok elt\u00e9r\u0151 felhaszn\u00e1l\u00e1si ter\u00fcletei miatt 2021-ben is egy olyan rendszer mellett d\u00f6nt\u00f6ttek, amely k\u00e9pes az egyes f\u0171t\u00e9si z\u00f3n\u00e1k c\u00e9lzott vez\u00e9rl\u00e9s\u00e9re. A k\u00e9nyelmes vez\u00e9rl\u00e9s \u00e9s a magas energiahat\u00e9konys\u00e1g is fontos volt. A k\u00fcl\u00f6nb\u00f6z\u0151 aj\u00e1nlatok \u00e1ttekint\u00e9se ut\u00e1n ism\u00e9t a K\u00dcBLER mellett d\u00f6nt\u00f6ttek, mert rendszere \u00e9s a CELESTRA digit\u00e1lis vez\u00e9rl\u0151rendszer meggy\u0151z\u0151 volt.<\/p>\n<p><strong>M\u0171szaki megold\u00e1s<\/strong><\/p>\n<p>Az alacsony belmagass\u00e1g miatt a csarnokokban PRIMA infrav\u00f6r\u00f6s rendszereket telep\u00edtettek, \u00e9s PRIMA <em>plusz<\/em>. Ezek a rendszerek magas infrav\u00f6r\u00f6s hat\u00e9konys\u00e1got \u00e9s j\u00f3 \u00e1r-\u00e9rt\u00e9k ar\u00e1nyt k\u00edn\u00e1lnak. A rendszert a CELESTRA vez\u00e9rli, amely automatikusan optimaliz\u00e1lja a f\u0171t\u00e9si z\u00f3n\u00e1k f\u0171t\u00e9si m\u0171k\u00f6d\u00e9s\u00e9t. A WinTec b\u0151v\u00edt\u0151modul lehet\u0151v\u00e9 teszi a t\u00e1vvez\u00e9rl\u00e9st, \u00e9s a TorOff cs\u00f6kkenti az energiavesztes\u00e9get, amikor a csarnok ajtajai nyitva vannak. Az EMMA energiagazd\u00e1lkod\u00e1si rendszer val\u00f3s idej\u0171 \u00e1tl\u00e1that\u00f3s\u00e1got biztos\u00edt, \u00e9s relev\u00e1ns adatokat szolg\u00e1ltat a jelent\u00e9shez, p\u00e9ld\u00e1ul a DIN EN 50001 szabv\u00e1ny szerint.<\/p>\n<p><strong>Eredm\u00e9nyek<\/strong><\/p>\n<p>A 2022 szeptemberi \u00fczembe helyez\u00e9s \u00f3ta a v\u00e1rakoz\u00e1sok fel\u00fclm\u00falt\u00e1k az elv\u00e1r\u00e1sokat. A tervez\u00e9s konzervat\u00edv m\u00f3don 35 sz\u00e1zal\u00e9kos energiamegtakar\u00edt\u00e1ssal sz\u00e1molt, de a val\u00f3s\u00e1gban t\u00f6bb mint 70 sz\u00e1zal\u00e9kot siker\u00fclt el\u00e9rni. Az energiafogyaszt\u00e1s 1996 MWh-r\u00f3l 2021-ben 565 MWh-ra cs\u00f6kkent 2023-ban, ami 1431 MWh-s megtakar\u00edt\u00e1st jelent \u00e9vente. Ezen fel\u00fcl 97 MWh villamos energia \u00e9s 344 tonna CO\u2082 megtakar\u00edt\u00e1s val\u00f3sult meg. Lutz Obladen, az ATN l\u00e9tes\u00edtm\u00e9nygazd\u00e1lkod\u00e1si vezet\u0151je: \u201eA decentraliz\u00e1lt infrav\u00f6r\u00f6s f\u0171t\u00e9si technol\u00f3gi\u00e1ra val\u00f3 \u00e1t\u00e1ll\u00e1s m\u00e9rf\u00f6ldk\u0151 a kl\u00edmac\u00e9ljaink el\u00e9r\u00e9s\u00e9ben!\u201c<\/p>\n<p><strong>Tapasztalatok \u00e9s k\u00f6vetkeztet\u00e9s<\/strong><\/p>\n<p>A r\u00e9gi f\u0171t\u00e9si rendszer magas k\u00f6lts\u00e9geket \u00e9s k\u00f6rnyezetszennyez\u00e9st okozott. A K\u00dcBLER \u00faj infrav\u00f6r\u00f6s f\u0171t\u00e9si rendszere lehet\u0151v\u00e9 teszi a f\u0171t\u00e9si ter\u00fcletek c\u00e9lzott vez\u00e9rl\u00e9s\u00e9t \u00e9s jelent\u0151sen cs\u00f6kkenti az energiafogyaszt\u00e1st. A K\u00dcBLERrel val\u00f3 egy\u00fcttm\u0171k\u00f6d\u00e9s sikeres volt, a telep\u00edt\u00e9s z\u00f6kken\u0151mentesen zajlott, \u00e9s az \u00fczemeltet\u00e9s sor\u00e1n is. A dolgoz\u00f3k el\u00e9gedettek, a rendszer pedig t\u00f6k\u00e9letesen m\u0171k\u00f6dik. Obladen hangs\u00falyozza: \"A l\u00e9nyeg az, hogy mindent pontosan ugyan\u00edgy csin\u00e1ln\u00e9k \u00fajra\".<\/p>","protected":false},"featured_media":31068,"template":"","categories":[1],"class_list":["post-27857","pressemitteilungen","type-pressemitteilungen","status-publish","has-post-thumbnail","hentry","category-allgemein"],"acf":[],"_links":{"self":[{"href":"https:\/\/www.kuebler-hallenheizungen.de\/hu\/wp-json\/wp\/v2\/pressemitteilungen\/27857","targetHints":{"allow":["GET"]}}],"collection":[{"href":"https:\/\/www.kuebler-hallenheizungen.de\/hu\/wp-json\/wp\/v2\/pressemitteilungen"}],"about":[{"href":"https:\/\/www.kuebler-hallenheizungen.de\/hu\/wp-json\/wp\/v2\/types\/pressemitteilungen"}],"wp:featuredmedia":[{"embeddable":true,"href":"https:\/\/www.kuebler-hallenheizungen.de\/hu\/wp-json\/wp\/v2\/media\/31068"}],"wp:attachment":[{"href":"https:\/\/www.kuebler-hallenheizungen.de\/hu\/wp-json\/wp\/v2\/media?parent=27857"}],"wp:term":[{"taxonomy":"category","embeddable":true,"href":"https:\/\/www.kuebler-hallenheizungen.de\/hu\/wp-json\/wp\/v2\/categories?post=27857"}],"curies":[{"name":"wp","href":"https:\/\/api.w.org\/{rel}","templated":true}]}}