{"id":28487,"date":"2024-10-22T16:31:18","date_gmt":"2024-10-22T14:31:18","guid":{"rendered":"https:\/\/www.kuebler-hallenheizungen.de\/?post_type=pressemitteilungen&#038;p=28487"},"modified":"2024-11-05T15:12:23","modified_gmt":"2024-11-05T14:12:23","slug":"a-ludwigshafeni-szekhelyu-kuebler-gmbh-a-kis-es-koezepvallalkozasok-nagydijanak-elso-doentojebe-jutott","status":"publish","type":"pressemitteilungen","link":"https:\/\/www.kuebler-hallenheizungen.de\/hu\/presse\/pressemitteilungen\/ludwigshafener-kuebler-gmbh-beim-grossen-preis-des-mittelstandes-als-premier-finalist-ausgezeichnet\/","title":{"rendered":"A ludwigshafeni K\u00dcBLER GmbH a kis- \u00e9s k\u00f6z\u00e9pv\u00e1llalkoz\u00e1sok nagyd\u00edj\u00e1nak els\u0151 sz\u00e1m\u00fa d\u00f6nt\u0151se lett"},"content":{"rendered":"<p>A v\u00e1llalat t\u00f6bb mint h\u00e1rom \u00e9vtizede forradalmas\u00edtja a piacot innovat\u00edv infrav\u00f6r\u00f6s technol\u00f3gi\u00e1j\u00e1val, amely az energiahat\u00e9konys\u00e1gra, a k\u00f6lts\u00e9ghat\u00e9konys\u00e1gra \u00e9s a felhaszn\u00e1l\u00f3bar\u00e1t haszn\u00e1latra \u00f6sszpontos\u00edt. Ezzel a technol\u00f3gi\u00e1val, amely nem a leveg\u0151t, hanem a tal\u00e1lkoz\u00f3 fel\u00fcleteket meleg\u00edti, a K\u00dcBLER-nek siker\u00fclt ak\u00e1r 70 % energi\u00e1t megtakar\u00edtania a magas\u00e9p\u00fcletekben a hagyom\u00e1nyos rendszerekhez k\u00e9pest. Ez a leny\u0171g\u00f6z\u0151 energiahat\u00e9konys\u00e1g az innov\u00e1ci\u00f3 \u00e9s a fenntarthat\u00f3s\u00e1g ir\u00e1nti szenved\u00e9ly eredm\u00e9nye, amely a v\u00e1llalat k\u00f6z\u00e9ppontj\u00e1ban \u00e1ll. A K\u00dcBLER nyeres\u00e9g\u00e9nek jelent\u0151s r\u00e9sz\u00e9t kutat\u00e1sba \u00e9s fejleszt\u00e9sbe fekteti. Ez a gyakorlat teszi a v\u00e1llalatot az ipar\u00e1g innov\u00e1ci\u00f3s vezet\u0151j\u00e9v\u00e9, \u00e9s d\u00f6nt\u0151 fontoss\u00e1g\u00fa ahhoz, hogy a gazdas\u00e1gi kih\u00edv\u00e1sok idej\u00e9n, mint p\u00e9ld\u00e1ul a Covid-z\u00e1rlat vagy az energiav\u00e1ls\u00e1g, k\u00e9pes legyen pozit\u00edv \u00e9rt\u00e9kes\u00edt\u00e9si fejl\u0151d\u00e9st el\u00e9rni \u00e9s elker\u00fclni az elbocs\u00e1t\u00e1sokat.<\/p>\n<p>A K\u00dcBLER olyan egyedi \u00e9rt\u00e9kes\u00edt\u00e9si pontjai, mint a magas energiahat\u00e9konys\u00e1g, a k\u00fcl\u00f6nb\u00f6z\u0151 energiaforr\u00e1sok - k\u00f6zt\u00fck a meg\u00fajul\u00f3 energiaforr\u00e1sok - energiailag rugalmas felhaszn\u00e1l\u00e1s\u00e1nak k\u00e9pess\u00e9ge, a FUTURA 2in1 rendszerbe integr\u00e1lt LED-es csarnokvil\u00e1g\u00edt\u00e1s \u00e9s a MAXIMA E-Hybrid E-Hybrid funkci\u00f3ja a csarnok\u00e9p\u00fcletekben rejl\u0151 megtakar\u00edt\u00e1si lehet\u0151s\u00e9gek megval\u00f3s\u00edt\u00e1s\u00e1nak vezet\u0151 szak\u00e9rt\u0151j\u00e9v\u00e9 tett\u00e9k a v\u00e1llalatot, \u00e9s a technol\u00f3gia \u00e9lvonal\u00e1ba rep\u00edtett\u00e9k nemzeti \u00e9s nemzetk\u00f6zi szinten.<\/p>\n<p>A K\u00dcBLER GmbH ezt a vezet\u0151 poz\u00edci\u00f3t nem csak a m\u0171szaki szak\u00e9rtelemnek, hanem az er\u0151s \u00fcgyf\u00e9lk\u00f6zpont\u00fas\u00e1gnak is k\u00f6sz\u00f6nheti. A v\u00e1llalat az \u00fcgyfelekkel folytatott szem\u00e9lyes \u00e9s rendszeres p\u00e1rbesz\u00e9dre t\u00e1maszkodik, \u00e9s az \u0151 visszajelz\u00e9seiket felhaszn\u00e1lva folyamatosan fejleszti term\u00e9keit. A K\u00dcBLER emellett minden egyes rendszer egyedis\u00e9g\u00e9t \u00e9s az \u00fcgyf\u00e9l egyedi ig\u00e9nyeihez val\u00f3 alkalmazkod\u00e1s\u00e1t hangs\u00falyozza, a megold\u00e1sk\u00f6zpont\u00fas\u00e1got tartva szem el\u0151tt.<\/p>\n<p>A v\u00e1llalat egy\u00fcttm\u0171k\u00f6dik k\u00fcl\u00f6nb\u00f6z\u0151 egyetemekkel \u00e9s f\u0151iskol\u00e1kkal. Ezek az egy\u00fcttm\u0171k\u00f6d\u00e9sek lehet\u0151v\u00e9 teszik a szak\u00e9rtelem cser\u00e9j\u00e9t, valamint az innovat\u00edv \u00e9s \u00e9ghajlatbar\u00e1t technol\u00f3gi\u00e1k fejleszt\u00e9s\u00e9t. A v\u00e1llalat kifejlesztett egy digit\u00e1lis aj\u00e1nlat-konfigur\u00e1tort, amelyet mesters\u00e9ges intelligencia t\u00e1mogat, \u00e9s amely forradalmas\u00edtani fogja mind a bels\u0151 folyamatokat, mind az \u00fcgyf\u00e9lkapcsolatot.<\/p>\n<p>A K\u00dcBLER fenntarthat\u00f3s\u00e1gi strat\u00e9gi\u00e1ja az \u00f6kol\u00f3gia, a gazdas\u00e1goss\u00e1g \u00e9s a t\u00e1rsadalmi felel\u0151ss\u00e9gv\u00e1llal\u00e1s ter\u00fclet\u00e9re terjed ki. A v\u00e1llalat hossz\u00fa t\u00e1v\u00fa \u00e9rt\u00e9kteremt\u00e9sre \u00e9s szil\u00e1rd n\u00f6veked\u00e9sre \u00f6sszpontos\u00edt, k\u00fcl\u00f6n\u00f6sen a kiv\u00e1l\u00f3 min\u0151s\u00e9g\u0171, tart\u00f3s term\u00e9kek gy\u00e1rt\u00e1s\u00e1val \u00e9s a megtett t\u00e1vols\u00e1gok cs\u00f6kkent\u00e9s\u00e9vel.<\/p>\n<p>A \"Gro\u00dfer Preis des Mittelstandes\" d\u00edjat 30. alkalommal \u00edt\u00e9li oda az Oskar Patzelt Alap\u00edtv\u00e1ny, az idei mott\u00f3 pedig \"Bizalommal a j\u00f6v\u0151 fel\u00e9\". \u00d6sszesen 4600 k\u00f6z\u00e9pv\u00e1llalkoz\u00e1st, valamint v\u00e1llalkoz\u00e1sbar\u00e1t \u00f6nkorm\u00e1nyzatokat \u00e9s bankokat jel\u00f6ltek N\u00e9metorsz\u00e1g eg\u00e9sz ter\u00fclet\u00e9r\u0151l. A f\u00fcggetlen zs\u0171ri hagyom\u00e1nyosan a k\u00f6vetkez\u0151 szempontok alapj\u00e1n szavaz: a v\u00e1llalat \u00e1ltal\u00e1nos fejl\u0151d\u00e9se, munkahelyek \u00e9s tanul\u00f3szerz\u0151d\u00e9ses gyakorlati helyek teremt\u00e9se \u00e9s meg\u0151rz\u00e9se, innov\u00e1ci\u00f3 \u00e9s moderniz\u00e1ci\u00f3, a r\u00e9gi\u00f3 ir\u00e1nti elk\u00f6telezetts\u00e9g, valamint a szolg\u00e1ltat\u00e1s \u00e9s az \u00fcgyf\u00e9lk\u00f6zels\u00e9g. A \"K\u00dcBLER GmbH - Energiesparende Hallenheizungen\" 2006 \u00f3ta 16. alkalommal ker\u00fclt jel\u00f6l\u00e9sre a \"Gro\u00dfer Preis des Mittelstandes\" d\u00edjra, \u00e9s 2008-ban \"D\u00edjnyertes\" lett. M\u00edg ez a d\u00edj m\u00e9g tiszt\u00e1n a Rajna-vid\u00e9k-Pfalz\/Saarland versenyr\u00e9gi\u00f3ra \u00f6sszpontos\u00edtott, ez\u00fattal a K\u00dcBLER-nek orsz\u00e1gos szinten kellett \u00e9rv\u00e9nyes\u00fclnie, \u00edgy a 4600 jel\u00f6lt k\u00f6z\u00fcl mind\u00f6ssze \u00f6t v\u00e1llalat egyike lett annak, amelyik els\u0151 d\u00f6nt\u0151snek j\u00e1r\u00f3 elismer\u00e9sben r\u00e9szes\u00fclt.<\/p>\n<p>\"Ez a d\u00edj elismeri csapatunk sok\u00e9ves elk\u00f6telezetts\u00e9g\u00e9t az energetikai \u00e1t\u00e1ll\u00e1s \u00e9s egy k\u00fcl\u00f6n\u00f6sen energiaig\u00e9nyes \u00e9p\u00fcletszegmens, nevezetesen a csarnokok sz\u00e9n-dioxid-mentes\u00edt\u00e9s\u00e9nek ter\u00e9n. A d\u00fcsseldorfi 100. \"Gro\u00dfer Preis des Mittelstandes\" g\u00e1la els\u0151 sz\u00e1m\u00fa d\u00f6nt\u0151seinek egyike nagy megtiszteltet\u00e9s sz\u00e1munkra, \u00e9s \u00f6szt\u00f6nz\u0151leg hat arra, hogy a j\u00f6v\u0151ben is folytassuk az utunkat\" - mondta Thomas K\u00fcbler \u00fcgyvezet\u0151 igazgat\u00f3.<\/p>","protected":false},"featured_media":28498,"template":"","categories":[1],"class_list":["post-28487","pressemitteilungen","type-pressemitteilungen","status-publish","has-post-thumbnail","hentry","category-allgemein"],"acf":[],"_links":{"self":[{"href":"https:\/\/www.kuebler-hallenheizungen.de\/hu\/wp-json\/wp\/v2\/pressemitteilungen\/28487","targetHints":{"allow":["GET"]}}],"collection":[{"href":"https:\/\/www.kuebler-hallenheizungen.de\/hu\/wp-json\/wp\/v2\/pressemitteilungen"}],"about":[{"href":"https:\/\/www.kuebler-hallenheizungen.de\/hu\/wp-json\/wp\/v2\/types\/pressemitteilungen"}],"wp:featuredmedia":[{"embeddable":true,"href":"https:\/\/www.kuebler-hallenheizungen.de\/hu\/wp-json\/wp\/v2\/media\/28498"}],"wp:attachment":[{"href":"https:\/\/www.kuebler-hallenheizungen.de\/hu\/wp-json\/wp\/v2\/media?parent=28487"}],"wp:term":[{"taxonomy":"category","embeddable":true,"href":"https:\/\/www.kuebler-hallenheizungen.de\/hu\/wp-json\/wp\/v2\/categories?post=28487"}],"curies":[{"name":"wp","href":"https:\/\/api.w.org\/{rel}","templated":true}]}}