{"id":28853,"date":"2024-12-02T09:48:22","date_gmt":"2024-12-02T08:48:22","guid":{"rendered":"https:\/\/www.kuebler-hallenheizungen.de\/?post_type=pressemitteilungen&#038;p=28853"},"modified":"2026-01-10T16:29:53","modified_gmt":"2026-01-10T15:29:53","slug":"a-2in1-rendszerrel-mar-ma-co2-mentesen-futjuek-es-vilagitjuk-az-uj-epueletcsarnokunkat","status":"publish","type":"pressemitteilungen","link":"https:\/\/www.kuebler-hallenheizungen.de\/hu\/presse\/pressemitteilungen\/mit-dem-2in1-system-beheizen-und-beleuchten-wir-unsere-neubauhalle-schon-heute-co2-frei\/","title":{"rendered":"\"A 2in1 rendszerrel m\u00e1r CO\u2082-mentesen f\u0171tj\u00fck \u00e9s vil\u00e1g\u00edtjuk az \u00faj \u00e9p\u00fclet\u00fcnket.\""},"content":{"rendered":"<p><strong>A feladat<\/strong><\/p>\n<p>A j\u00f3l szigetelt, mintegy 900 m\u00b2 alapter\u00fclet\u0171 \u00e9s k\u00f6r\u00fclbel\u00fcl kilenc m\u00e9teres belmagass\u00e1g\u00fa \u00faj csarnokban a gy\u00e1rt\u00e1s mellett a nyersanyagok, g\u00e9palkatr\u00e9szek \u00e9s v\u00e9gterm\u00e9kek t\u00e1rol\u00e1s\u00e1ra szolg\u00e1l\u00f3 helyis\u00e9gek is helyet kapnak. Christoph Buxbaum a k\u00f6vetkez\u0151k\u00e9ppen v\u00e1laszol arra a k\u00e9rd\u00e9sre, hogy milyen k\u00f6vetelm\u00e9nyeket t\u00e1masztott az \u00faj csarnok f\u0171t\u00e9s\u00e9vel szemben: \"H\u00e1rom egyszer\u0171 ok volt a d\u00f6nt\u0151. Az \u00faj \u00e9p\u00fclet a hat\u00f3s\u00e1gok \u00e1ltal t\u00e1masztott k\u00f6vetelm\u00e9nyek miatt m\u00e1ris mintegy 350 000 eur\u00f3val dr\u00e1g\u00e1bb lett az eredetileg tervezettn\u00e9l. \u00c9s j\u00f3l szigetelt. Sz\u00e1munkra a f\u0171t\u00e9s kezdetben puszt\u00e1n \u00e1rk\u00e9rd\u00e9s volt. Az energiaforr\u00e1s is egy\u00e9rtelm\u0171 volt. Az elektromos energi\u00e1n k\u00edv\u00fcl b\u00e1rmi m\u00e1s nem j\u00f6hetett sz\u00e1munkra sz\u00f3ba. Harmadr\u00e9szt pedig a f\u0171t\u00e9si rendszernek egyszer\u0171nek kellett lennie a kivitelez\u00e9s szempontj\u00e1b\u00f3l, nagy r\u00e1ford\u00edt\u00e1s n\u00e9lk\u00fcl.\" A Christoph Buxbaum \u00e1ltal megfogalmazott k\u00f6vetelm\u00e9nyeket \u00edgy gyorsan \u00f6ssze lehetett foglalni. Az interneten t\u00e1j\u00e9koz\u00f3dott a k\u00fcl\u00f6nb\u00f6z\u0151 f\u0171t\u00e9si technol\u00f3gi\u00e1kr\u00f3l. V\u00e9g\u00fcl az a t\u00e9ny, hogy m\u00e1r j\u00f3 tapasztalatai voltak az infrav\u00f6r\u00f6s technol\u00f3gi\u00e1val, valamint a K\u00dcBLER csarnokf\u0171t\u00e9si specialist\u00e1val val\u00f3 kapcsolatfelv\u00e9tel gy\u0151zte meg.<\/p>\n<p>&nbsp;<\/p>\n<p><strong>A m\u0171szaki megold\u00e1s<\/strong><\/p>\n<p>\"Amikor a K\u00dcBLER bemutatta nek\u00fcnk az \u00faj 2in1 elektromos infrav\u00f6r\u00f6s f\u0171t\u0151berendez\u00e9st f\u00e9nnyel, azt gondoltuk: Ez t\u00f6k\u00e9letesen illik a k\u00e9pbe. \"A FUTURA E-vel k\u00e9t legyet \u00fcthett\u00fcnk egy csap\u00e1sra, \u00e9s a f\u0171t\u00e9ssel egyidej\u0171leg megoldottuk a csarnok vil\u00e1g\u00edt\u00e1s\u00e1nak k\u00e9rd\u00e9s\u00e9t is\" - mondja Buxbaum.<\/p>\n<p>A K\u00dcBLER a FUTURA multi-energia rendszer\u00e9vel egy teljesen \u00faj \u00e9s rendk\u00edv\u00fcl hat\u00e9kony infrav\u00f6r\u00f6s f\u0171t\u00e9si technol\u00f3gi\u00e1t vezetett be 2 az 1-ben megold\u00e1sk\u00e9nt, integr\u00e1lt csarnokvil\u00e1g\u00edt\u00e1ssal, amely a k\u00f6zelm\u00faltban a FUTURA E v\u00e1ltozatban is el\u00e9rhet\u0151v\u00e9 v\u00e1lt tiszt\u00e1n elektromos f\u0171t\u00e9si rendszerk\u00e9nt, de hidrog\u00e9n \u00e9s m\u00e1s g\u00e1zok ut\u00f3lagos felszerel\u00e9si lehet\u0151s\u00e9g\u00e9vel. Ez, a megfizethet\u0151 \u00e1r \u00e9s a vil\u00e1g\u00edt\u00e1si k\u00e9rd\u00e9s megold\u00e1s\u00e1nak lehet\u0151s\u00e9ge a kiv\u00e1l\u00f3 min\u0151s\u00e9g\u0171 integr\u00e1lt LED-es vil\u00e1g\u00edt\u00e1ssal a Buxbaum sz\u00e1m\u00e1ra az innovat\u00edv FUTURA E f\u0171t\u00e9si megold\u00e1s mellett d\u00f6nt\u00f6tt. Az a k\u00e9rd\u00e9s, hogy Buxbaum valamikor az ut\u00f3lagos felszerel\u00e9si lehet\u0151s\u00e9get v\u00e1lasztja-e, \u00e9s az infrav\u00f6r\u00f6s f\u0171t\u00e9si rendszert hidrog\u00e9nnel is energiaf\u00fcggetlen\u00fcl \u00fczemelteti-e, ma m\u00e1r nem foglalkoztatja a v\u00e1llalkoz\u00f3t. \"Megl\u00e1tjuk, mit hoz a j\u00f6v\u0151. J\u00f3, hogy van lehet\u0151s\u00e9g\u00fcnk m\u00e1s energiaforr\u00e1sok haszn\u00e1lat\u00e1ra is\".<\/p>\n<p>N\u00e9gy nagy teljes\u00edtm\u00e9ny\u0171, be\u00e9p\u00edtett LED-es vil\u00e1g\u00edt\u00e1ssal ell\u00e1tott FUTURA E t\u00edpus\u00fa infrav\u00f6r\u00f6s rendszert telep\u00edtettek. A mintegy 40 kW f\u0171t\u0151teljes\u00edtm\u00e9ny\u0171 \u00e9s egyenk\u00e9nt 1020 LED-es rendszer \u00fagy lett kialak\u00edtva, hogy a csarnok minden ter\u00fclet\u00e9t optim\u00e1lisan megvil\u00e1g\u00edtsa h\u0151vel \u00e9s f\u00e9nnyel. A gy\u00e1rt\u00e1si \u00e9s rakt\u00e1roz\u00e1si ter\u00fcletek elt\u00e9r\u0151 h\u0151ig\u00e9ny\u00e9t az \u00e9p\u00fclet k\u00e9t f\u0171t\u00e9si z\u00f3n\u00e1ja k\u00e9pezi le, \u00e9s az ig\u00e9nyeknek megfelel\u0151en elt\u00e9r\u0151 m\u00f3don temper\u00e1lj\u00e1k \u00e9s vil\u00e1g\u00edtj\u00e1k meg.<\/p>\n<p>Az eg\u00e9sz rendszer vez\u00e9rl\u00e9se a K\u00dcBLER modern \u00e9s intuit\u00edv CELESTRA vez\u00e9rl\u0151pultj\u00e1n kereszt\u00fcl t\u00f6rt\u00e9nik. Az intelligens digit\u00e1lis f\u0171t\u00e9svez\u00e9rl\u0151 rendszer modul\u00e1risan b\u0151v\u00edthet\u0151, p\u00e9ld\u00e1ul a TorOff modullal a csarnokajt\u00f3 nyit\u00e1sakor t\u00f6rt\u00e9n\u0151 automatikus kikapcsol\u00e1shoz, az EMMA-val a DIN EN ISO 50001 szerinti val\u00f3s idej\u0171 fel\u00fcgyelethez \u00e9s energiagazd\u00e1lkod\u00e1shoz vagy a WinTec-kel a PC-n kereszt\u00fcli t\u00e1vvez\u00e9rl\u00e9shez \u00e9s szab\u00e1lyoz\u00e1shoz. A Buxbaum a SmarTec modult v\u00e1lasztotta, amely a k\u00fcls\u0151 h\u0151m\u00e9rs\u00e9klet f\u00fcggv\u00e9ny\u00e9ben automatikusan meghat\u00e1rozza az optim\u00e1lis bekapcsol\u00e1si \u00e9s kikapcsol\u00e1si id\u0151t, \u00e9s ennek megfelel\u0151en szab\u00e1lyozza a rendszert. \u00cdgy a rendszer vez\u00e9rl\u00e9se gyerekj\u00e1t\u00e9k a Buxbaum sz\u00e1m\u00e1ra. Sz\u00fcks\u00e9g eset\u00e9n a rendszer param\u00e9terei b\u00e1rmikor megtekinthet\u0151k a sz\u00ednes kijelz\u0151n, \u00e9s a be\u00e1ll\u00edt\u00e1sok megv\u00e1ltoztat\u00e1sa nem ig\u00e9nyel m\u00e1st, mint egy gombnyom\u00e1st.<\/p>\n<p>&nbsp;<\/p>\n<p><strong>Az eredm\u00e9ny<\/strong><\/p>\n<p>100 sz\u00e1zal\u00e9kban CO\u2082-mentes f\u0171t\u00e9s - Christoph Buxbaum m\u00e1r j\u00f3val kor\u00e1bban el\u00e9rte az osztr\u00e1k kl\u00edmaszab\u00e1lyoz\u00e1si c\u00e9lt, hogy legk\u00e9s\u0151bb 2040-re kl\u00edmasemleges legyen az \u00faj \u00e9p\u00fclet\u00e9ben. Ami a szab\u00e1lyoz\u00e1st illeti, ez\u00e9rt nyugodtan tekint a j\u00f6v\u0151be. Ez vonatkozik az esetleges energia\u00e1r-emelked\u00e9sekre is. A csarnok tetej\u00e9re telep\u00edtett 109 kWp teljes\u00edtm\u00e9ny\u0171 fotovoltaikus rendszer szinte teljesen fedezi a f\u0171t\u00e9si \u00e9s vil\u00e1g\u00edt\u00e1si energiasz\u00fcks\u00e9gletet, \u00edgy a v\u00e1llalat nagyr\u00e9szt energiaf\u00fcggetlen. Ez jelent\u0151s k\u00f6lts\u00e9gel\u0151nyt jelent a Buxbaum sz\u00e1m\u00e1ra, m\u00e9g akkor is, ha Ausztri\u00e1ban a h\u00e1l\u00f3zati \u00e1ram\u00e1rak jelent\u0151sen alacsonyabbak, mint N\u00e9metorsz\u00e1gban. Ezenk\u00edv\u00fcl az elektromos infrav\u00f6r\u00f6s f\u0171t\u00e9s gyakorlatilag karbantart\u00e1smentes, \u00e9s ebb\u0151l a szempontb\u00f3l sem fog jelent\u0151s k\u00f6lts\u00e9gekkel j\u00e1rni.<\/p>\n<p>A csarnok\u00e9p\u00fclet egyenletes h\u0151m\u00e9rs\u00e9klet-szab\u00e1lyoz\u00e1sa nemcsak az emberek sz\u00e1m\u00e1ra teremt kellemes, huzatmentes munkak\u00f6rnyezetet, hanem a gy\u00e1rt\u00e1si folyamat \u00e9s a gy\u00e1rtott trap\u00e9zlemezek t\u00e1rol\u00e1sa szempontj\u00e1b\u00f3l is fontos: k\u00fcl\u00f6n\u00f6sen a kondenz\u00e1ci\u00f3g\u00e1tl\u00f3 gyapj\u00fabevonat f\u00fcgg az infrav\u00f6r\u00f6s f\u0171t\u0151berendez\u00e9sek sz\u00e1raz \u00e9s homog\u00e9n h\u0151m\u00e9rs\u00e9klet-szab\u00e1lyoz\u00e1s\u00e1t\u00f3l.<\/p>\n<p>A k\u00f6lts\u00e9ghat\u00e9konys\u00e1g \u00e9s a fenntarthat\u00f3s\u00e1g szempontj\u00e1b\u00f3l el\u0151ny\u00f6s a csarnokvil\u00e1g\u00edt\u00e1s integr\u00e1l\u00e1sa is. A 2in1-FUTURA E rendszer nemcsak a csarnok mennyezete alatti helyig\u00e9nyt cs\u00f6kkenti, hanem a sz\u00fcks\u00e9ges k\u00e1belez\u00e9s \u00e9s vez\u00e9rl\u00e9s mennyis\u00e9g\u00e9t is csaknem a fel\u00e9re cs\u00f6kkenti. Az infrav\u00f6r\u00f6s f\u0171t\u00e9st \u00e9s a k\u00e9t f\u0171t\u00e9si z\u00f3na LED-es vil\u00e1g\u00edt\u00e1s\u00e1t egyetlen CELESTRA vez\u00e9rli.<\/p>\n<div style=\"text-align: center;\"><img decoding=\"async\" class=\"alignnone\" style=\"width: 100%; max-width: 700px;\" src=\"https:\/\/www.kuebler-hallenheizungen.de\/wp-content\/uploads\/2024\/12\/res-logoleiste_dena_mittelstand_bmwk_en.png\" alt=\"RES projekt log\u00f3k\" width=\"2480\" height=\"827\" \/><\/div>\n<p><strong>RES Programe<\/strong><\/p>\n<p>A <a href=\"https:\/\/www.kuebler-hallenheizungen.de\/hu\/res-projekt\/\">RES projekt Ausztria<\/a> a Sz\u00f6vets\u00e9gi Gazdas\u00e1gi \u00e9s \u00c9ghajlatv\u00e9delmi Miniszt\u00e9rium Energiaexport Kezdem\u00e9nyez\u00e9s\u00e9nek Meg\u00fajul\u00f3 Energia Megold\u00e1sok programja keret\u00e9ben ker\u00fcl finansz\u00edroz\u00e1sra.<\/p>\n<p><strong>N\u00e9met Energia\u00fcgyn\u00f6ks\u00e9g (dena)<\/strong><\/p>\n<p>A N\u00e9met Energia\u00fcgyn\u00f6ks\u00e9g (dena) az alkalmazott energia\u00e1talak\u00edt\u00e1s \u00e9s az \u00e9ghajlatv\u00e9delem kompetenciak\u00f6zpontja. A dena elemzi a kl\u00edmasemleges t\u00e1rsadalom kih\u00edv\u00e1sait, \u00e9s t\u00e1mogatja a n\u00e9met korm\u00e1nyt energia- \u00e9s kl\u00edmapolitikai c\u00e9ljainak el\u00e9r\u00e9s\u00e9ben. Az \u00fcgyn\u00f6ks\u00e9g 2000-es alap\u00edt\u00e1sa \u00f3ta megold\u00e1sokat dolgoz ki, azokat a gyakorlatba \u00fclteti \u00e1t, \u00e9s a politika, a gazdas\u00e1g, a tudom\u00e1ny \u00e9s a t\u00e1rsadalom minden r\u00e9sz\u00e9b\u0151l sz\u00e1rmaz\u00f3 partnereket hoz \u00f6ssze - mind nemzeti, mind nemzetk\u00f6zi szinten. A dena projektc\u00e9g \u00e9s sz\u00f6vets\u00e9gi tulajdon\u00fa \u00e1llami v\u00e1llalat. R\u00e9szv\u00e9nyese a N\u00e9met Sz\u00f6vets\u00e9gi K\u00f6zt\u00e1rsas\u00e1g. <a href=\"http:\/\/www.dena.de\" target=\"_blank\" rel=\"noopener\">www.dena.de<\/a><\/p>\n<p><strong>\u00a0<\/strong><\/p>\n<p><strong>Energiaexportra ir\u00e1nyul\u00f3 kezdem\u00e9nyez\u00e9s<\/strong><\/p>\n<p>A n\u00e9met technol\u00f3gi\u00e1k \u00e9s szak\u00e9rtelem vil\u00e1gszint\u0171 pozicion\u00e1l\u00e1sa c\u00e9lj\u00e1b\u00f3l a Sz\u00f6vets\u00e9gi Gazdas\u00e1gi \u00e9s \u00c9ghajlatv\u00e9delmi Miniszt\u00e9rium (BMWK) Energiaexport Kezdem\u00e9nyez\u00e9se t\u00e1mogatja az \u00e9ghajlatbar\u00e1t energiamegold\u00e1sok szolg\u00e1ltat\u00f3it a k\u00fclf\u00f6ldi piacokon val\u00f3 megjelen\u00e9sben. A hangs\u00faly itt a meg\u00fajul\u00f3 energi\u00e1kra, az energiahat\u00e9konys\u00e1gra, az intelligens h\u00e1l\u00f3zatokra \u00e9s t\u00e1rol\u00e1sra, valamint az olyan technol\u00f3gi\u00e1kra, mint a power-to-gas \u00e9s az \u00fczemanyagcell\u00e1k. A program k\u00fcl\u00f6n\u00f6sen a kis- \u00e9s k\u00f6z\u00e9pv\u00e1llalkoz\u00e1sokat c\u00e9lozza meg, \u00e9s a r\u00e9sztvev\u0151ket piacfelk\u00e9sz\u00edt\u0151 int\u00e9zked\u00e9sekkel, valamint a piacok felt\u00e1r\u00e1s\u00e1val, fejleszt\u00e9s\u00e9vel \u00e9s biztos\u00edt\u00e1s\u00e1val t\u00e1mogatja. <a href=\"http:\/\/www.german-energy-solutions.de\/GES\/Navigation\/EN\/Home\/home.html\" target=\"_blank\" rel=\"noopener\">www.german-energy-solutions.de<\/a><\/p>\n<p>&nbsp;<\/p>\n<p><strong>Meg\u00fajul\u00f3 energiamegold\u00e1sok program (RES program)<\/strong><\/p>\n<p>A meg\u00fajul\u00f3energia-programmal a Sz\u00f6vets\u00e9gi Gazdas\u00e1gi \u00e9s \u00c9ghajlatv\u00e9delmi Miniszt\u00e9rium (BMWK) energiaexport-kezdem\u00e9nyez\u00e9se t\u00e1mogatja a meg\u00fajul\u00f3 energia \u00e9s az energiahat\u00e9konys\u00e1g ter\u00fclet\u00e9n m\u0171k\u00f6d\u0151 n\u00e9met v\u00e1llalatokat \u00faj \u00e9rt\u00e9kes\u00edt\u00e9si piacok megnyit\u00e1s\u00e1ban. A program r\u00e9szek\u00e9nt egy-egy c\u00e9lpiacon referencia\u00fczemeket \u00e1ll\u00edtanak fel, amelyeket a N\u00e9met Energia\u00fcgyn\u00f6ks\u00e9g (dena) t\u00e1mogat\u00e1s\u00e1val rekl\u00e1m- \u00e9s rekl\u00e1mc\u00e9lokra \u00e9rt\u00e9kes\u00edtenek. Az inform\u00e1ci\u00f3terjeszt\u00e9s \u00e9s a k\u00e9pz\u00e9si tev\u00e9kenys\u00e9gek el\u0151seg\u00edtik a piacra l\u00e9p\u00e9s fenntarthat\u00f3s\u00e1g\u00e1t, \u00e9s demonstr\u00e1lj\u00e1k a N\u00e9metorsz\u00e1gb\u00f3l sz\u00e1rmaz\u00f3 \u00e9ghajlatbar\u00e1t technol\u00f3gi\u00e1k min\u0151s\u00e9g\u00e9t. <a href=\"https:\/\/www.german-energy-solutions.de\/GES\/Redaktion\/EN\/Basepages\/Services\/dena-res.html\" target=\"_blank\" rel=\"noopener\">https:\/\/www.german-energy-solutions.de\/GES\/Redaktion\/EN\/Basepages\/Services\/dena-res.html<\/a><\/p>","protected":false},"featured_media":28899,"template":"","categories":[1],"class_list":["post-28853","pressemitteilungen","type-pressemitteilungen","status-publish","has-post-thumbnail","hentry","category-allgemein"],"acf":[],"_links":{"self":[{"href":"https:\/\/www.kuebler-hallenheizungen.de\/hu\/wp-json\/wp\/v2\/pressemitteilungen\/28853","targetHints":{"allow":["GET"]}}],"collection":[{"href":"https:\/\/www.kuebler-hallenheizungen.de\/hu\/wp-json\/wp\/v2\/pressemitteilungen"}],"about":[{"href":"https:\/\/www.kuebler-hallenheizungen.de\/hu\/wp-json\/wp\/v2\/types\/pressemitteilungen"}],"wp:featuredmedia":[{"embeddable":true,"href":"https:\/\/www.kuebler-hallenheizungen.de\/hu\/wp-json\/wp\/v2\/media\/28899"}],"wp:attachment":[{"href":"https:\/\/www.kuebler-hallenheizungen.de\/hu\/wp-json\/wp\/v2\/media?parent=28853"}],"wp:term":[{"taxonomy":"category","embeddable":true,"href":"https:\/\/www.kuebler-hallenheizungen.de\/hu\/wp-json\/wp\/v2\/categories?post=28853"}],"curies":[{"name":"wp","href":"https:\/\/api.w.org\/{rel}","templated":true}]}}