{"id":29413,"date":"2025-02-17T11:33:53","date_gmt":"2025-02-17T10:33:53","guid":{"rendered":"https:\/\/www.kuebler-hallenheizungen.de\/?post_type=pressemitteilungen&#038;p=29413"},"modified":"2025-03-17T09:44:24","modified_gmt":"2025-03-17T08:44:24","slug":"a-viharos-idokben-valo-boldogulas","status":"publish","type":"pressemitteilungen","link":"https:\/\/www.kuebler-hallenheizungen.de\/hu\/presse\/pressemitteilungen\/stuermische-zeiten-meistern\/","title":{"rendered":"A viharos id\u0151k ural\u00e1sa"},"content":{"rendered":"<p>N\u00e9h\u00e1ny h\u00f3nappal ezel\u0151tt a K\u00dcBLER-t a Premier d\u00f6nt\u0151s kateg\u00f3ri\u00e1ban d\u00edjazt\u00e1k - a Gro\u00dfer Preis des Mittelstands d\u00edjra jel\u00f6lt 4600 v\u00e1llalat k\u00f6z\u00fcl mind\u00f6ssze \u00f6tnek az egyikek\u00e9nt. Most a neves csarnokf\u0171t\u00e9si szakembert ism\u00e9t jel\u00f6lt\u00e9k: 2025 a legmagasabb kateg\u00f3ri\u00e1ban, a Premierben.<\/p>\n<p>A ludwigshafeni sz\u00e9khely\u0171 v\u00e1llalat t\u00f6bb mint 35 \u00e9ve alak\u00edtja a piacot innovat\u00edv infrav\u00f6r\u00f6s technol\u00f3gi\u00e1kkal, amelyek az energiahat\u00e9konys\u00e1gra, a k\u00f6lts\u00e9ghat\u00e9konys\u00e1gra \u00e9s a felhaszn\u00e1l\u00f3bar\u00e1t haszn\u00e1latra \u00f6sszpontos\u00edtanak.<\/p>\n<p>A K\u00dcBLER leg\u00fajabb fejleszt\u00e9sei forradalmas\u00edtj\u00e1k a kereskedelmi \u00e9s ipari \u00e9p\u00fcletek f\u0171t\u00e9s\u00e9t. Az olyan egyedi \u00e9rt\u00e9kes\u00edt\u00e9si pontokkal, mint a magas energiahat\u00e9konys\u00e1g, a k\u00fcl\u00f6nb\u00f6z\u0151 energiaforr\u00e1sok rugalmas felhaszn\u00e1l\u00e1s\u00e1nak k\u00e9pess\u00e9ge, bele\u00e9rtve a regenerat\u00edv energiaforr\u00e1sokat, a FUTURA 2in1 rendszer integr\u00e1lt LED csarnokvil\u00e1g\u00edt\u00e1sa \u00e9s a MAXIMA E-Hybrid E-Hybrid funkci\u00f3ja, a v\u00e1llalat ism\u00e9t bebizony\u00edtotta, hogy vezet\u0151 szak\u00e9rt\u0151je a csarnok\u00e9p\u00fcletek megtakar\u00edt\u00e1si lehet\u0151s\u00e9geinek kihaszn\u00e1l\u00e1s\u00e1nak, \u00e9s a technol\u00f3gia \u00e9lvonal\u00e1ba katapult\u00e1lta mag\u00e1t nemzeti \u00e9s nemzetk\u00f6zi szinten.<\/p>\n<p>A dortmundi ipari karbantart\u00e1s - karbantart\u00e1s vezet\u0151 szakv\u00e1s\u00e1r\u00e1n a K\u00dcBLER 2025. febru\u00e1r 19-20. k\u00f6z\u00f6tt mutatja be az innovat\u00edv csarnokf\u0171t\u00e9si technol\u00f3gia k\u00f6vetkez\u0151 l\u00e9p\u00e9s\u00e9t. Fedezze fel az el\u0151ny\u00f6ket a 4-es csarnokban, a 4-CC02-es standon.<\/p>","protected":false},"featured_media":29689,"template":"","categories":[],"class_list":["post-29413","pressemitteilungen","type-pressemitteilungen","status-publish","has-post-thumbnail","hentry"],"acf":[],"_links":{"self":[{"href":"https:\/\/www.kuebler-hallenheizungen.de\/hu\/wp-json\/wp\/v2\/pressemitteilungen\/29413","targetHints":{"allow":["GET"]}}],"collection":[{"href":"https:\/\/www.kuebler-hallenheizungen.de\/hu\/wp-json\/wp\/v2\/pressemitteilungen"}],"about":[{"href":"https:\/\/www.kuebler-hallenheizungen.de\/hu\/wp-json\/wp\/v2\/types\/pressemitteilungen"}],"wp:featuredmedia":[{"embeddable":true,"href":"https:\/\/www.kuebler-hallenheizungen.de\/hu\/wp-json\/wp\/v2\/media\/29689"}],"wp:attachment":[{"href":"https:\/\/www.kuebler-hallenheizungen.de\/hu\/wp-json\/wp\/v2\/media?parent=29413"}],"wp:term":[{"taxonomy":"category","embeddable":true,"href":"https:\/\/www.kuebler-hallenheizungen.de\/hu\/wp-json\/wp\/v2\/categories?post=29413"}],"curies":[{"name":"wp","href":"https:\/\/api.w.org\/{rel}","templated":true}]}}