{"id":31091,"date":"2025-08-20T13:02:11","date_gmt":"2025-08-20T11:02:11","guid":{"rendered":"https:\/\/www.kuebler-hallenheizungen.de\/?post_type=pressemitteilungen&#038;p=31091"},"modified":"2025-08-20T13:08:33","modified_gmt":"2025-08-20T11:08:33","slug":"tiszta-villamos-energia-vagy-inkabb-energia-flexibilis-ipari-epueleteknel","status":"publish","type":"pressemitteilungen","link":"https:\/\/www.kuebler-hallenheizungen.de\/hu\/presse\/pressemitteilungen\/strom-pur-oder-doch-lieber-energieflexibel-in-industriell-genutzten-hallengebaeuden\/","title":{"rendered":"Tiszta \u00e1ram vagy ink\u00e1bb energiahat\u00e9kony megold\u00e1s ipari c\u00e9l\u00fa csarnok\u00e9p\u00fcletekben?"},"content":{"rendered":"<p>Alapvet\u0151en az eg\u00e9sz nagyon egyszer\u0171: ha nem lett volna az \u00faj f\u0171t\u00e9si t\u00f6rv\u00e9ny (GEG 2024), \u00e9s ha a m\u00f3dos\u00edt\u00e1s kev\u00e9sb\u00e9 ideol\u00f3giai \u00e9s ink\u00e1bb m\u0171szakilag megalapozott lett volna, akkor a h\u0151szivatty\u00fas vita ott maradt volna, ahov\u00e1 val\u00f3: az erre a technol\u00f3gi\u00e1ra alkalmas \u00e9p\u00fcletekben. Id\u0151k\u00f6zben azonban az ipari \u00e9p\u00fcletek is k\u00fczdenek egy olyan technol\u00f3gi\u00e1val, amely a legt\u00f6bb esetben nem tudja kihaszn\u00e1lni elismert er\u0151ss\u00e9g\u00e9t - az energiahat\u00e9konys\u00e1got - ezekben az \u00e9p\u00fcletekben.<\/p>\n<p>&nbsp;<\/p>\n<p><strong>A h\u0151szivatty\u00fa hype tegnap volt <\/strong><\/p>\n<p>Egy dolog vil\u00e1gos: a h\u0151szivatty\u00fak k\u00f6r\u00fcli felhajt\u00e1s, amelyet politikailag magas t\u00e1mogat\u00e1sokkal \u00f6szt\u00f6n\u00f6ztek, jelent\u0151sen leh\u0171lt. A h\u0151termel\u0151 \u00e9s a padl\u00f3f\u0171t\u00e9s kombin\u00e1ci\u00f3ja a csarnok\u00e9p\u00fcletekben t\u00fal rugalmatlannak bizonyult, \u00e9s m\u00e1s szempontb\u00f3l is probl\u00e9m\u00e1kat vet fel. A melegleveg\u0151-f\u00fav\u00f3kkal val\u00f3 kombin\u00e1ci\u00f3 pedig f\u0171t\u00e9stechnol\u00f3gia szempontj\u00e1b\u00f3l szinte a k\u00f6z\u00e9pkorba val\u00f3 visszal\u00e9p\u00e9snek t\u0171nik, mivel ez a kor\u00e1bban elterjedt f\u0171t\u00e9si m\u00f3dszer a konvekci\u00f3 (a felsz\u00e1ll\u00f3 meleg leveg\u0151) miatt a csarnokokban nem tekinthet\u0151 hat\u00e9kony \u00e9s elavultnak.<\/p>\n<p>Egy dolog nagyon vil\u00e1gos: a hangs\u00falyt a h\u0151\u00e1t\u00e1ll\u00e1sra \u00e9s a sz\u00e9n-dioxid-mentes\u00edt\u00e9sre kell helyezni. \u00c9ppen ez\u00e9rt olyan fontos, hogy a legjobb technikai lehet\u0151s\u00e9geket haszn\u00e1ljuk ki a csarnok\u00e9p\u00fcletek speci\u00e1lis kih\u00edv\u00e1sainak optim\u00e1lis megold\u00e1sa \u00e9rdek\u00e9ben - legyen sz\u00f3 ak\u00e1r az ipari, kereskedelmi, sport- vagy rendezv\u00e9nyszektorr\u00f3l. Mert:<\/p>\n<p>&nbsp;<\/p>\n<p><strong>A csarnok\u00e9p\u00fcleteknek teljesen m\u00e1s f\u0171t\u00e9si ig\u00e9nyeik vannak, mint az irod\u00e1knak vagy a lak\u00e1soknak.<\/strong><\/p>\n<p>De melyik technol\u00f3gia a megfelel\u0151? A k\u00e9rd\u00e9s megv\u00e1laszol\u00e1s\u00e1hoz meg kell \u00e9rtenie a csarnokokat. Milyen \u00e9p\u00fcletfizikai k\u00f6r\u00fclm\u00e9nyek uralkodnak ezekben a gyakran 8, 15 vagy 20 m\u00e9teres belmagass\u00e1g\u00fa \u00f3ri\u00e1si terekben? Hogyan haszn\u00e1lj\u00e1k \u0151ket? B\u00e1rki, aki \u00e1llt m\u00e1r egy 15 m\u00e9ter magas m\u0171helycsarnokban vagy s\u00e9t\u00e1lt m\u00e1r v\u00e9gig egy 60 000 n\u00e9gyzetm\u00e9teres logisztikai csarnokban, r\u00e1j\u00f6n, hogy az otthonokb\u00f3l vagy irod\u00e1kb\u00f3l ismert f\u0171t\u00e9si rendszerek itt kev\u00e9ss\u00e9 tudnak seg\u00edteni. K\u00fcl\u00f6n\u00f6sen akkor nem, ha a lehet\u0151 legkevesebb energi\u00e1t szeretn\u00e9nk felhaszn\u00e1lni, a k\u00f6rnyezetv\u00e9delmet helyezz\u00fck el\u0151t\u00e9rbe, \u00e9s az eg\u00e9szet megfizethet\u0151v\u00e9 akarjuk tenni.<\/p>\n<p>&nbsp;<\/p>\n<p><strong>Hat\u00e9konyabb h\u0151termel\u00e9s a fizika t\u00f6rv\u00e9nyeivel - \u00e9s nem azok ellen\u00e9ben -<\/strong><\/p>\n<p>Az ilyen magas \u00e9s nagy \u00e9p\u00fcletek ide\u00e1lis f\u0171t\u00e9si elv\u00e9t a term\u00e9szetb\u0151l k\u00f6lcs\u00f6n\u00f6zt\u00e9k: Infrav\u00f6r\u00f6s. Ahogy a napsugarak az \u0171rb\u0151l nagy t\u00e1vols\u00e1gokat tesznek meg a F\u00f6ldig, \u00fagy m\u0171k\u00f6dik ez a csarnokokban is. A csarnok mennyezete alatti infrav\u00f6r\u00f6s f\u0171t\u0151testek olyan sug\u00e1rz\u00e1st bocs\u00e1tanak ki, amely csak akkor fejti ki hat\u00e1s\u00e1t, ha valahol becsap\u00f3dik \u00e9s elnyel\u0151dik. Ez\u00e9rt nem termel forr\u00f3 leveg\u0151t. M\u00edg a l\u00e9gf\u00fav\u00f3kn\u00e1l a legmelegebb pont fizikai okokb\u00f3l mindig a csarnok mennyezete alatt van, addig az infrav\u00f6r\u00f6s f\u0171t\u0151berendez\u00e9sekn\u00e9l term\u00e9szetesen mindig alul - a csarnok padl\u00f3j\u00e1n, az emberek \u00e9s a g\u00e9pek k\u00f6zel\u00e9ben, azaz ott, ahol a munka folyik. Egyszer\u0171en fogalmazva, ez az oka annak, hogy az infrav\u00f6r\u00f6s f\u0171t\u00e9si rendszerek a csarnokokban olyan hihetetlen\u00fcl hat\u00e9konyak. A gyakorlatban rendszeresen 50-70 sz\u00e1zal\u00e9kos megtakar\u00edt\u00e1st \u00e9rnek el. Az infrav\u00f6r\u00f6s h\u0151 kellemes, huzatmentes \u00e9s nem porzik. Ezt \u00fagy is nevezik, hogy \u201ef\u0171t\u00e9s a fizika t\u00f6rv\u00e9nyeivel\u201c.\u201c<\/p>\n<p>&nbsp;<\/p>\n<p><strong>Az ig\u00e9ny szerinti f\u0171t\u00e9s sok energi\u00e1t takar\u00edt meg, cs\u00f6kkenti a k\u00e1rosanyag-kibocs\u00e1t\u00e1st \u00e9s a f\u0171t\u00e9si k\u00f6lts\u00e9geket. <\/strong><\/p>\n<p>Az infrav\u00f6r\u00f6s f\u0171t\u0151berendez\u00e9sek el\u0151nye az is, hogy nagyon rugalmasan szab\u00e1lyozhat\u00f3k. Technikailag az infrav\u00f6r\u00f6s sugarak elektrom\u00e1gneses hull\u00e1mok, ak\u00e1rcsak a f\u00e9ny. \u00c9s a f\u00e9nyhez hasonl\u00f3an k\u00f6nnyen ki- \u00e9s bekapcsolhat\u00f3k, illetve szab\u00e1lyozhat\u00f3k. H\u00e9tv\u00e9g\u00e9n, \u00fcnnepnapokon \u00e9s m\u0171szak v\u00e9g\u00e9n p\u00e9ld\u00e1ul a f\u0171t\u00e9s egyszer\u0171en kikapcsolhat\u00f3, vagy legal\u00e1bbis minim\u00e1lis h\u0151m\u00e9rs\u00e9kletre cs\u00f6kkenthet\u0151. A nagy csarnok\u00e9p\u00fcletekben a k\u00fcl\u00f6nb\u00f6z\u0151 munkater\u00fcletekkel \u00e9s rakt\u00e1rhelyis\u00e9gekkel a f\u0171t\u00e9si z\u00f3n\u00e1kat \u00fagy lehet be\u00e1ll\u00edtani \u00e9s szab\u00e1lyozni, hogy a f\u0171t\u00e9st csak ott haszn\u00e1lj\u00e1k, ahol t\u00e9nylegesen dolgoznak. A mott\u00f3 szerint: \u201eA leggazdas\u00e1gosabb f\u0171t\u00e9s az, amelyik nem \u00fczemel\u201c.\u201c<\/p>\n<p>&nbsp;<\/p>\n<p><strong>Az infrav\u00f6r\u00f6s h\u0151 m\u00e1r r\u00e9g\u00f3ta bev\u00e1lt a csarnokokban. <\/strong><\/p>\n<p>Az infrav\u00f6r\u00f6s f\u0171t\u0151testek k\u00fcl\u00f6nb\u00f6z\u0151 kivitelben kaphat\u00f3k. A belt\u00e9ri \u00e9p\u00fcletekben haszn\u00e1lt f\u0151 t\u00edpusok a f\u00f6ldg\u00e1zzal vagy PB-g\u00e1zzal m\u0171k\u00f6d\u0151 vil\u00e1gos \u00e9s a s\u00f6t\u00e9t sug\u00e1rz\u00f3k. Az ut\u00f3bbiakat a z\u00e1rt \u00e9g\u00e9s (innen a \u201es\u00f6t\u00e9t\u201c elnevez\u00e9s) \u00e9s a szab\u00e1lyozott f\u00fcstg\u00e1zelvezet\u00e9s k\u00fcl\u00f6nb\u00f6zteti meg.<\/p>\n<p>&nbsp;<\/p>\n<p><strong>Az energetikai \u00e1t\u00e1ll\u00e1shoz energiaf\u00fcggetlen megold\u00e1sokra van sz\u00fcks\u00e9g <\/strong><\/p>\n<p>Az infrav\u00f6r\u00f6s f\u0171t\u0151berendez\u00e9sek leg\u00fajabb gener\u00e1ci\u00f3ja az \u00fagynevezett Fair.AIdH technol\u00f3gia. Az ebbe a kateg\u00f3ri\u00e1ba tartoz\u00f3 rendszerek rugalmasan m\u0171k\u00f6dtethet\u0151k meg\u00fajul\u00f3 energi\u00e1kkal, p\u00e9ld\u00e1ul villamos energi\u00e1val, hidrog\u00e9nnel vagy biog\u00e1zzal. A legt\u00f6bb esetben az \u00e1tmeneti id\u0151szakban f\u00f6ldg\u00e1zt vagy foly\u00e9kony g\u00e1zt is k\u00e9pesek \u00e9getni, hogy a munkafolyamatokban biztos\u00edts\u00e1k a sz\u00fcks\u00e9ges \u00fczembiztons\u00e1got. Ennek a Fair.AIdH technol\u00f3gi\u00e1nak egyik p\u00e9ld\u00e1ja a FUTURA multi-energia rendszer, amely 2 az 1-ben rendszerk\u00e9nt LED csarnokvil\u00e1g\u00edt\u00e1st is k\u00e9pes integr\u00e1lni. Ez k\u00fcl\u00f6n\u00f6sen hasznos az \u00fajonnan \u00e9p\u00edtett csarnokokban, mivel ez a lehet\u0151s\u00e9g azt jelenti, hogy a k\u00e1belk\u00f6tegek, a vez\u00e9rl\u0151egys\u00e9gek \u00e9s a f\u0171t\u00e9s \u00e9s a vil\u00e1g\u00edt\u00e1s karbantart\u00e1si m\u0171veletei, amelyekre egy\u00e9bk\u00e9nt k\u00e9tszer lenne sz\u00fcks\u00e9g, kombin\u00e1lhat\u00f3k. A FUTURA volt az els\u0151 Fair.AIdH technol\u00f3gia a piacon, \u00e9s m\u00e1r sz\u00e1mos d\u00edjat kapott az \u00e9ghajlatv\u00e9delemhez \u00e9s a fenntarthat\u00f3s\u00e1ghoz val\u00f3 hozz\u00e1j\u00e1rul\u00e1s\u00e1\u00e9rt.<\/p>\n<p>&nbsp;<\/p>\n<p><strong>Az elektromos infrav\u00f6r\u00f6s f\u0171t\u0151testek gyakran az els\u0151 l\u00e9p\u00e9s a CO\u2082-mentess\u00e9g fel\u00e9.<\/strong><\/p>\n<p>A Fair.AIdH technol\u00f3gia mostant\u00f3l tiszt\u00e1n (PV) villamos energi\u00e1val t\u00f6rt\u00e9n\u0151 m\u0171k\u00f6d\u00e9sre is el\u00e9rhet\u0151. A 10, 20 vagy 30 kW-os teljes\u00edtm\u00e9ny\u0171 ELEXTRA a legsz\u00e9lesebb teljes\u00edtm\u00e9nyspektrummal rendelkez\u0151 modern elektromos infrav\u00f6r\u00f6s f\u0171t\u00e9si rendszer. A FUTURA E a FUTURA elektromos v\u00e1ltozata. Opcion\u00e1lisan, kis r\u00e1ford\u00edt\u00e1ssal ut\u00f3lagosan hidrog\u00e9nnel is felszerelhet\u0151, amint ez a meg\u00fajul\u00f3 energiaforr\u00e1s helyben vagy a h\u00e1l\u00f3zatokon kereszt\u00fcl rendelkez\u00e9sre \u00e1ll.<\/p>\n<p>A FUTURA E haszn\u00e1lat\u00e1nak egyik p\u00e9ld\u00e1ja az als\u00f3-ausztriai Langschlagban tal\u00e1lhat\u00f3 Buxbaum Dach k\u00e9zm\u0171ves mesterc\u00e9g, amely m\u00e1r haszn\u00e1lja ezt a rendszert, hogy \u00faj \u00e9p\u00fclet\u00e9nek nagy r\u00e9sz\u00e9t CO\u2082-mentes fotovoltaikus villamos energi\u00e1val f\u0171tse. Christoph Buxbaum v\u00e1llalkoz\u00f3 a k\u00f6vetkez\u0151k\u00e9ppen fejti ki v\u00e9lem\u00e9ny\u00e9t a hidrog\u00e9n ut\u00f3lagos felszerel\u00e9s\u00e9r\u0151l: \u201eMegl\u00e1tjuk, mit hoz a j\u00f6v\u0151. J\u00f3, hogy lehet\u0151s\u00e9g\u00fcnk van m\u00e1s energiaforr\u00e1sok haszn\u00e1lat\u00e1ra is\u201c. A Buxbaum Dach projektr\u0151l b\u0151vebb inform\u00e1ci\u00f3t a gyakorlati besz\u00e1mol\u00f3ban tal\u00e1l: <a href=\"https:\/\/www.kuebler-hallenheizungen.de\/hu\/sajto\/sajtokoezlemenyek\/a-2in1-rendszerrel-mar-ma-co2-mentesen-futjuek-es-vilagitjuk-az-uj-epueletcsarnokunkat\/\">Hat\u00e9kony csarnokf\u0171t\u00e9s: FUTURA E infrav\u00f6r\u00f6s megold\u00e1s<\/a><\/p>\n<p>&nbsp;<\/p>\n<p><strong>A j\u00f6v\u0151 stabil energiaell\u00e1t\u00e1s\u00e1hoz molekul\u00e1kra \u00e9s elektronokra van sz\u00fcks\u00e9g. <\/strong><\/p>\n<p>De melyik energiaforr\u00e1s hat\u00e1rozza meg a j\u00f6v\u0151t? A szak\u00e9rt\u0151k mindig is egyet\u00e9rtettek abban, hogy az energia\u00e1tmenetnek mind a molekul\u00e1kra, mind az elektronokra, azaz a meg\u00fajul\u00f3 g\u00e1z- \u00e9s elektromos energi\u00e1ra kell \u00e9p\u00fclnie. Ennek oka a meg\u00fajul\u00f3 energiaforr\u00e1sok term\u00e9szetes v\u00e1ltoz\u00e9konys\u00e1g\u00e1ban rejlik: N\u00e9ha s\u00fct a nap \u00e9s f\u00faj a sz\u00e9l, n\u00e9ha nem - a nap- \u00e9s sz\u00e9lenergia term\u00e9szetesen nem \u00e1ll folyamatosan rendelkez\u00e9sre. A politikusok a kezdeti hezit\u00e1l\u00e1s ut\u00e1n j\u00f3 okkal eveztek vissza, \u00e9s propag\u00e1lt\u00e1k a hidrog\u00e9n-felhajt\u00e1st. Jelenleg kutat\u00e1s \u00e9s fejleszt\u00e9s folyik a H\u2082, az ill\u00e9kony energiahordoz\u00f3 alacsony k\u00f6lts\u00e9ggel t\u00f6rt\u00e9n\u0151 el\u0151\u00e1ll\u00edt\u00e1s\u00e1ra. Az egyik k\u00fcl\u00f6n\u00f6sen \u00edg\u00e9retes megk\u00f6zel\u00edt\u00e9s az, hogy ny\u00e1ron a napelemes villamos energi\u00e1t H\u2082-v\u00e1 alak\u00edtj\u00e1k, t\u00e9len pedig tov\u00e1bbi \u00e1talak\u00edt\u00e1si vesztes\u00e9gek n\u00e9lk\u00fcl k\u00f6zvetlen\u00fcl g\u00e1zk\u00e9nt hasznos\u00edtj\u00e1k. \u201eAz ilyen megk\u00f6zel\u00edt\u00e9sekben sok zene van\u201c - mondja Thomas K\u00fcbler csarnokf\u0171t\u00e9si szak\u00e9rt\u0151. V\u00e9g\u00fcl is a kutat\u00e1si r\u00e9szlegeknek \u00e9s int\u00e9zeteknek m\u00e9g k\u00f6r\u00fclbel\u00fcl 20 \u00e9v\u00fck van arra, hogy 2045-ben \u00e1tkapcsoljanak a kl\u00edmasemlegess\u00e9gre.<\/p>","protected":false},"featured_media":31094,"template":"","categories":[],"class_list":["post-31091","pressemitteilungen","type-pressemitteilungen","status-publish","has-post-thumbnail","hentry"],"acf":[],"_links":{"self":[{"href":"https:\/\/www.kuebler-hallenheizungen.de\/hu\/wp-json\/wp\/v2\/pressemitteilungen\/31091","targetHints":{"allow":["GET"]}}],"collection":[{"href":"https:\/\/www.kuebler-hallenheizungen.de\/hu\/wp-json\/wp\/v2\/pressemitteilungen"}],"about":[{"href":"https:\/\/www.kuebler-hallenheizungen.de\/hu\/wp-json\/wp\/v2\/types\/pressemitteilungen"}],"wp:featuredmedia":[{"embeddable":true,"href":"https:\/\/www.kuebler-hallenheizungen.de\/hu\/wp-json\/wp\/v2\/media\/31094"}],"wp:attachment":[{"href":"https:\/\/www.kuebler-hallenheizungen.de\/hu\/wp-json\/wp\/v2\/media?parent=31091"}],"wp:term":[{"taxonomy":"category","embeddable":true,"href":"https:\/\/www.kuebler-hallenheizungen.de\/hu\/wp-json\/wp\/v2\/categories?post=31091"}],"curies":[{"name":"wp","href":"https:\/\/api.w.org\/{rel}","templated":true}]}}