{"id":80377,"date":"2026-01-19T09:49:03","date_gmt":"2026-01-19T08:49:03","guid":{"rendered":"https:\/\/www.kuebler-hallenheizungen.de\/?post_type=pressemitteilungen&#038;p=80377"},"modified":"2026-03-19T12:32:20","modified_gmt":"2026-03-19T11:32:20","slug":"a-kuebler-ismet-a-legjobb-vallalatnak-jaro-elismerest-kapta","status":"publish","type":"pressemitteilungen","link":"https:\/\/www.kuebler-hallenheizungen.de\/hu\/presse\/pressemitteilungen\/kuebler-erneut-als-top-company-ausgezeichnet\/","title":{"rendered":"A K\u00dcBLER ism\u00e9t Top V\u00e1llalat lett"},"content":{"rendered":"<div>\n<ul>\n<li>Miut\u00e1n a K\u00dcBLER Energiesparende Hallenheizungen m\u00e1r 2023-ban \u00e9s 2024-ben is Top Company kit\u00fcntet\u00e9sben r\u00e9szes\u00fclt, a v\u00e1llalat id\u00e9n a kununu Top Company Awardot is megkapta a kiemelked\u0151 v\u00e1llalati kult\u00far\u00e1\u00e9rt.<\/li>\n<li>A munk\u00e1ltat\u00f3i pecs\u00e9t a magas szint\u0171 munkav\u00e1llal\u00f3i el\u00e9gedetts\u00e9ggel rendelkez\u0151 v\u00e1llalatokat ismeri el, \u00e9s kiz\u00e1r\u00f3lag a kununun tal\u00e1lhat\u00f3 f\u00fcggetlen v\u00e9lem\u00e9nyek alapj\u00e1n \u00edt\u00e9lik oda.<\/li>\n<li>A kununun tal\u00e1lhat\u00f3 v\u00e1llalatok mintegy \u00f6t sz\u00e1zal\u00e9k\u00e1t ismerik el minden \u00e9vben Top Company-k\u00e9nt.<\/li>\n<li>Nina Zimmermann, a kununu vez\u00e9rigazgat\u00f3ja: \u201eEr\u0151s jelz\u00e9s a tehets\u00e9ges embereknek, akik az ide\u00e1lis munkahely\u00fcket keresik.\u201c<\/li>\n<\/ul>\n<p>\u201eM\u00e1r megint megcsin\u00e1ltuk! Nagyon \u00f6r\u00fcl\u00fcnk ennek a fantasztikus d\u00edjnak\u201c - mondta Svenja Kelkel, a K\u00dcBLER HR igazgat\u00f3ja. A kununu munk\u00e1ltat\u00f3i \u00e9rt\u00e9kel\u0151 platform ism\u00e9t Top Company 2025-nek ismerte el a K\u00dcBLER-t. A d\u00edj a platformon dolgoz\u00f3k f\u00fcggetlen \u00e9rt\u00e9kel\u00e9s\u00e9n alapul. Ezzel a K\u00dcBLER egyike a legjobb munkak\u00f6rnyezettel rendelkez\u0151 v\u00e1llalatoknak Rajna-vid\u00e9k-Pfalzban. \u201eGratul\u00e1lunk a K\u00dcBLER-nek, hogy ism\u00e9t megkapta a Top Company pecs\u00e9tet\u201c - mondja Nina Zimmermann, a kununu vez\u00e9rigazgat\u00f3ja. \u201eEzt a d\u00edjat csak a kununun k\u00fcl\u00f6n\u00f6sen pozit\u00edv \u00e9rt\u00e9kel\u00e9seket kapott v\u00e1llalatok \u00f6t sz\u00e1zal\u00e9ka kapja meg. Ez elismer\u00e9st \u00e9s megbecs\u00fcl\u00e9st jelent, \u00e9s er\u0151s jelz\u00e9st k\u00fcld a potenci\u00e1lis p\u00e1ly\u00e1z\u00f3knak. Emellett a pecs\u00e9tnek nemcsak k\u00fcls\u0151 hat\u00e1sa van, hanem a v\u00e1llalati kult\u00far\u00e1t is er\u0151s\u00edti. P\u00e9ld\u00e1ul a pecs\u00e9tet v\u00e1s\u00e1rl\u00f3k 52 sz\u00e1zal\u00e9ka kapott visszajelz\u00e9st a d\u00edjr\u00f3l a munkat\u00e1rsait\u00f3l - e visszajelz\u00e9sek 77 sz\u00e1zal\u00e9ka kifejezetten pozit\u00edv volt.\u201c A K\u00dcBLER b\u00fcszke a meg\u00fajult d\u00edjra. Svenja Kelkel: \u201eA K\u00dcBLER csal\u00e1dban egy olyan csapatk\u00e9nt tekint\u00fcnk magunkra, amely \u00f6sszefog. Ez fontos sz\u00e1munkra, \u00e9s jellemzi \u00e9rt\u00e9korient\u00e1lt munkahelyi l\u00e9gk\u00f6r\u00fcnket.\u201c<br \/>\nA kununu Top Company Seal 2025 c\u00edm elnyer\u00e9s\u00e9hez egy v\u00e1llalatnak a k\u00f6vetkez\u0151 krit\u00e9riumoknak kell megfelelnie: Legal\u00e1bb h\u00e9t \u00e9rt\u00e9kel\u00e9s a munkav\u00e1llal\u00f3kt\u00f3l a profil l\u00e9trehoz\u00e1sa \u00f3ta. A p\u00e1ly\u00e1z\u00f3kt\u00f3l sz\u00e1rmaz\u00f3 \u00e9rt\u00e9kel\u00e9sek nem sz\u00e1m\u00edtanak bele.<\/p>\n<ul>\n<li>Legal\u00e1bb 3,8 csillag (a maxim\u00e1lisan lehets\u00e9ges 5-b\u0151l),<\/li>\n<li>Mind \u00f6sszess\u00e9g\u00e9ben, mind a munkav\u00e1llal\u00f3k \u00e9rt\u00e9kel\u00e9s\u00e9ben.<\/li>\n<li>Az elm\u00falt tizenk\u00e9t h\u00f3napban a munkav\u00e1llal\u00f3 \u00e9rt\u00e9kel\u00e9si pontsz\u00e1m\u00e1nak legal\u00e1bb 3,8 csillagnak kell lennie.<\/li>\n<li>Legal\u00e1bb k\u00e9t \u00faj \u00e9rt\u00e9kel\u00e9s az elm\u00falt tizenk\u00e9t h\u00f3napban.<\/li>\n<li>A friss\u00edtett \u00e9rt\u00e9kel\u00e9s is \u00faj \u00e9rt\u00e9kel\u00e9snek sz\u00e1m\u00edt.<\/li>\n<\/ul>\n<p>A kununu \u00e1ltal a legut\u00f3bbi pecs\u00e9tgy\u0171jt\u00e9si szezonban Top Company-k\u00e9nt elismert v\u00e1llalatok k\u00f6r\u00e9ben v\u00e9gzett felm\u00e9r\u00e9sb\u0151l kider\u00fclt, hogy a v\u00e1laszad\u00f3k 56 sz\u00e1zal\u00e9ka valamelyest egyet\u00e9rtett, 13 sz\u00e1zal\u00e9kuk pedig teljes m\u00e9rt\u00e9kben egyet\u00e9rtett azzal, hogy a pecs\u00e9t jav\u00edtotta versenyhelyzet\u00fcket a k\u00e9pzett szakemberek\u00e9rt folytatott versenyben. Emellett az el\u0151z\u0151 \u00e9vi top c\u00e9gek t\u00f6bb mint fele (58 sz\u00e1zal\u00e9k) az \u00e1ll\u00e1sp\u00e1ly\u00e1zatok sz\u00e1m\u00e1nak n\u00f6veked\u00e9s\u00e9t regisztr\u00e1lta a pecs\u00e9t hat\u00e1s\u00e1ra.<\/p>\n<\/div>","protected":false},"featured_media":79603,"template":"","categories":[1],"class_list":["post-80377","pressemitteilungen","type-pressemitteilungen","status-publish","has-post-thumbnail","hentry","category-allgemein"],"acf":[],"_links":{"self":[{"href":"https:\/\/www.kuebler-hallenheizungen.de\/hu\/wp-json\/wp\/v2\/pressemitteilungen\/80377","targetHints":{"allow":["GET"]}}],"collection":[{"href":"https:\/\/www.kuebler-hallenheizungen.de\/hu\/wp-json\/wp\/v2\/pressemitteilungen"}],"about":[{"href":"https:\/\/www.kuebler-hallenheizungen.de\/hu\/wp-json\/wp\/v2\/types\/pressemitteilungen"}],"wp:featuredmedia":[{"embeddable":true,"href":"https:\/\/www.kuebler-hallenheizungen.de\/hu\/wp-json\/wp\/v2\/media\/79603"}],"wp:attachment":[{"href":"https:\/\/www.kuebler-hallenheizungen.de\/hu\/wp-json\/wp\/v2\/media?parent=80377"}],"wp:term":[{"taxonomy":"category","embeddable":true,"href":"https:\/\/www.kuebler-hallenheizungen.de\/hu\/wp-json\/wp\/v2\/categories?post=80377"}],"curies":[{"name":"wp","href":"https:\/\/api.w.org\/{rel}","templated":true}]}}