{"id":122855,"date":"2026-03-08T16:30:15","date_gmt":"2026-03-08T15:30:15","guid":{"rendered":"https:\/\/www.kuebler-hallenheizungen.de\/?post_type=shortnews&#038;p=122855"},"modified":"2026-03-06T20:49:49","modified_gmt":"2026-03-06T19:49:49","slug":"regisztraljon-most-a-futesi-toervenyre","status":"publish","type":"shortnews","link":"https:\/\/www.kuebler-hallenheizungen.de\/hu\/kurznews\/jetzt-anmelden-aus-fuer-das-heizungsgesetz\/","title":{"rendered":"Regisztr\u00e1ljon most - v\u00e9ge a f\u0171t\u00e9si t\u00f6rv\u00e9nynek!"},"content":{"rendered":"<p>A n\u00e9met korm\u00e1ny az \u00faj \u00e9p\u00fcletmoderniz\u00e1ci\u00f3s t\u00f6rv\u00e9ny (GMG) kulcspontjaival \u00faj keretet hat\u00e1roz meg a n\u00e9metorsz\u00e1gi \u00e9p\u00fcletek j\u00f6v\u0151beli h\u0151ell\u00e1t\u00e1s\u00e1ra.<br \/>\nA c\u00e9l a GEG 2024 gyenges\u00e9geinek kik\u00fcsz\u00f6b\u00f6l\u00e9se \u00e9s megb\u00edzhat\u00f3 alap l\u00e9trehoz\u00e1sa a tulajdonosok \u00e9s a v\u00e1llalkoz\u00e1sok sz\u00e1m\u00e1ra.<br \/>\nDe milyen k\u00f6vetkezm\u00e9nyekkel j\u00e1r ez a kereskedelmi \u00e9s ipari \u00e9p\u00fcletek f\u0171t\u00e9si rendszereire n\u00e9zve?<\/p>\n<p>Mely technol\u00f3gi\u00e1k tekinthet\u0151k m\u00e9g gazdas\u00e1gilag \u00e9letk\u00e9pesnek?<br \/>\n\u00c9s milyen strat\u00e9giai kiigaz\u00edt\u00e1sokra van most sz\u00fcks\u00e9g?<br \/>\nThomas K\u00fcbler csarnokf\u0171t\u00e9si szak\u00e9rt\u0151 webes szemin\u00e1riumunkban \u00e9rt\u00e9keli a jelenlegi politikai fejlem\u00e9nyeket. Dr. Jens Findeisennel egy\u00fctt struktur\u00e1lja a vit\u00e1t, \u00e9s elmagyar\u00e1zza, hogy a tervezett GMG milyen k\u00f6vetkezm\u00e9nyekkel j\u00e1rhat a kereskedelmi szektor beruh\u00e1z\u00e1saira.<\/p>\n<p><strong>Mire sz\u00e1m\u00edthat:<\/strong><br \/>\n\u2b24 A GMG jelenlegi helyzet\u00e9nek \u00e1ttekint\u00e9se<br \/>\n\u2b24 A kereskedelmi \u00e9s ipari \u00e9p\u00fcletekre gyakorolt hat\u00e1sok<br \/>\n\u2b24 D\u00f6nt\u00e9si seg\u00e9dletek a tervezett beruh\u00e1z\u00e1sokhoz<br \/>\n\u2b24 A m\u0171szaki \u00e9s szab\u00e1lyoz\u00e1si trendek \u00e9rt\u00e9kel\u00e9se<br \/>\nFoglalja le hely\u00e9t most - a r\u00e9sztvev\u0151k sz\u00e1ma korl\u00e1tozott.<\/p>\n<p><strong>Tov\u00e1bbi inform\u00e1ci\u00f3 \u00e9s regisztr\u00e1ci\u00f3:<\/strong><br \/>\n<a href=\"https:\/\/www.kuebler-hallenheizungen.de\/hu\/esemeny\/a-futestoervenyhez-az-epueletek-korszerusiteserol-szolo-toerveny-sarokpontjai\/\">https:\/\/www.kuebler-hallenheizungen.de\/event\/aus-fuer-das-heizungsgesetz-eckpunkte-fuer-ein-gebaeudemodernisierungsgesetz\/<\/a><\/p>\n<p>#GMG #Building Modernisation Act #GEG2024 #Hall heating #Industri\u00e1lis csarnokok #Commercial properties #Energy efficiency #Heat supply #Energy transition #Energy transition<\/p>","protected":false},"featured_media":122858,"template":"","class_list":["post-122855","shortnews","type-shortnews","status-publish","has-post-thumbnail","hentry"],"acf":[],"_links":{"self":[{"href":"https:\/\/www.kuebler-hallenheizungen.de\/hu\/wp-json\/wp\/v2\/shortnews\/122855","targetHints":{"allow":["GET"]}}],"collection":[{"href":"https:\/\/www.kuebler-hallenheizungen.de\/hu\/wp-json\/wp\/v2\/shortnews"}],"about":[{"href":"https:\/\/www.kuebler-hallenheizungen.de\/hu\/wp-json\/wp\/v2\/types\/shortnews"}],"wp:featuredmedia":[{"embeddable":true,"href":"https:\/\/www.kuebler-hallenheizungen.de\/hu\/wp-json\/wp\/v2\/media\/122858"}],"wp:attachment":[{"href":"https:\/\/www.kuebler-hallenheizungen.de\/hu\/wp-json\/wp\/v2\/media?parent=122855"}],"curies":[{"name":"wp","href":"https:\/\/api.w.org\/{rel}","templated":true}]}}