{"id":123401,"date":"2026-03-10T21:04:43","date_gmt":"2026-03-10T20:04:43","guid":{"rendered":"https:\/\/www.kuebler-hallenheizungen.de\/?post_type=shortnews&#038;p=123401"},"modified":"2026-03-10T21:04:43","modified_gmt":"2026-03-10T20:04:43","slug":"a-karbantartas-ideje-lejart","status":"publish","type":"shortnews","link":"https:\/\/www.kuebler-hallenheizungen.de\/hu\/kurznews\/wartungszeit-ist-jetzt\/","title":{"rendered":"A KARBANTART\u00c1S IDEJE LEJ\u00c1RT"},"content":{"rendered":"<p>Ki gondol a belt\u00e9ri f\u0171t\u00e9si rendszer karbantart\u00e1s\u00e1ra, amikor v\u00e9gre meg\u00e9rkezett a tavasz? Pedig most van itt az ide\u00e1lis id\u0151, hogy felk\u00e9sz\u00edtse f\u0171t\u00e9si rendszer\u00e9t a k\u00f6vetkez\u0151 t\u00e9li szezonra. Haszn\u00e1lja ki a meleg \u00e9vszakot f\u0171t\u00e9si rendszer\u00e9nek alapos ellen\u0151rz\u00e9s\u00e9re.<\/p>\n<p>Olvassa el blogunkat, hogy megtudja az 5 legfontosabb okot, ami\u00e9rt a csarnokf\u0171t\u00e9s karbantart\u00e1sa most olyan fontos - \u00e9s \u00e9lvezze a hossz\u00fa t\u00e1v\u00fa el\u0151ny\u00f6ket.<\/p>\n<p>A blogbejegyz\u00e9shez:<\/p>\n<blockquote class=\"wp-embedded-content\" data-secret=\"6EjdPSfAlY\"><p><a href=\"https:\/\/www.kuebler-hallenheizungen.de\/hu\/futeskarbantartas-nyaron\/\">F\u0171t\u00e9skarbantart\u00e1s: 5 ok, ami\u00e9rt mindenk\u00e9ppen nekil\u00e1t a karbantart\u00e1snak<\/a><\/p><\/blockquote>\n<p><iframe class=\"wp-embedded-content\" sandbox=\"allow-scripts\" security=\"restricted\" style=\"position: absolute; visibility: hidden;\" title=\"\u201eF\u0171t\u00e9skarbantart\u00e1s: 5 ok, ami\u00e9rt mindenk\u00e9ppen foglalkozzon a karbantart\u00e1ssal\u201c - K\u00dcBLER Energiatakar\u00e9kos csarnokf\u0171t\u00e9si rendszerek\" src=\"https:\/\/www.kuebler-hallenheizungen.de\/heizungswartung-im-sommer\/embed\/#?secret=Ll0IohjzY5#?secret=6EjdPSfAlY\" data-secret=\"6EjdPSfAlY\" width=\"500\" height=\"282\" frameborder=\"0\" marginwidth=\"0\" marginheight=\"0\" scrolling=\"no\"><\/iframe><\/p>\n<p>PS: Szeretne k\u00f6zvetlen\u00fcl karbantart\u00e1si id\u0151pontot egyeztetni? \u00cdrjon nek\u00fcnk: service@kuebler-hallenheizungen.de<\/p>\n<p>#H\u0171t\u00e9skarbantart\u00e1s #Energiahat\u00e9konys\u00e1g #Sfenntarthat\u00f3s\u00e1g #P-term\u00e9kenys\u00e9g #\u00e9li felk\u00e9sz\u00fcl\u00e9s #\u00c9p\u00fcletg\u00e9p\u00e9szeti szolg\u00e1ltat\u00e1sok #Sspeci\u00e1lis karbantart\u00e1s #CO2-cs\u00f6kkent\u00e9s #CO2-cs\u00f6kkent\u00e9s<\/p>","protected":false},"featured_media":123404,"template":"","class_list":["post-123401","shortnews","type-shortnews","status-publish","has-post-thumbnail","hentry"],"acf":[],"_links":{"self":[{"href":"https:\/\/www.kuebler-hallenheizungen.de\/hu\/wp-json\/wp\/v2\/shortnews\/123401","targetHints":{"allow":["GET"]}}],"collection":[{"href":"https:\/\/www.kuebler-hallenheizungen.de\/hu\/wp-json\/wp\/v2\/shortnews"}],"about":[{"href":"https:\/\/www.kuebler-hallenheizungen.de\/hu\/wp-json\/wp\/v2\/types\/shortnews"}],"wp:featuredmedia":[{"embeddable":true,"href":"https:\/\/www.kuebler-hallenheizungen.de\/hu\/wp-json\/wp\/v2\/media\/123404"}],"wp:attachment":[{"href":"https:\/\/www.kuebler-hallenheizungen.de\/hu\/wp-json\/wp\/v2\/media?parent=123401"}],"curies":[{"name":"wp","href":"https:\/\/api.w.org\/{rel}","templated":true}]}}