{"id":127354,"date":"2026-03-15T15:32:22","date_gmt":"2026-03-15T14:32:22","guid":{"rendered":"https:\/\/www.kuebler-hallenheizungen.de\/?post_type=shortnews&#038;p=127354"},"modified":"2026-03-15T15:32:22","modified_gmt":"2026-03-15T14:32:22","slug":"vannak-e-tapasztalatok-es-referenciak-az-iparagambol","status":"publish","type":"shortnews","link":"https:\/\/www.kuebler-hallenheizungen.de\/hu\/kurznews\/gibt-es-erfahrungen-und-referenzen-aus-meiner-branche\/","title":{"rendered":"Van tapasztalata \u00e9s referenci\u00e1i az ipar\u00e1gamb\u00f3l?"},"content":{"rendered":"<p>A K\u00dcBLER infrav\u00f6r\u00f6s belt\u00e9ri f\u0171t\u00e9si rendszereit sz\u00e1mos \u00e1gazatban sikerrel alkalmazz\u00e1k - az ipari \u00e9s gy\u00e1rt\u00f3csarnokokt\u00f3l kezdve a logisztikai k\u00f6zpontokon \u00e9s m\u0171helyeken \u00e1t a sport-, rendezv\u00e9ny- \u00e9s k\u00f6z\u00e9p\u00fcletekig. Referenciaoldalunkon sz\u00e1mos p\u00e9ld\u00e1t \u00e9s \u00fcgyf\u00e9ljelent\u00e9st tal\u00e1l, amelyek bemutatj\u00e1k technol\u00f3gi\u00e1ink sikeres alkalmaz\u00e1s\u00e1t - konkr\u00e9t megtakar\u00edt\u00e1sokkal, el\u0151ny\u00f6kkel \u00e9s hasonl\u00f3 projektek gyakorlati tapasztalataival.<\/p>\n<p>A hivatkoz\u00e1sokhoz:<\/p>\n<blockquote class=\"wp-embedded-content\" data-secret=\"6dCAQ6hoHP\"><p><a href=\"https:\/\/www.kuebler-hallenheizungen.de\/hu\/projektjelentesek\/\">Projekt jelent\u00e9sek<\/a><\/p><\/blockquote>\n<p><iframe class=\"wp-embedded-content\" sandbox=\"allow-scripts\" security=\"restricted\" style=\"position: absolute; visibility: hidden;\" title=\"\u201eProjektjelent\u00e9sek\u201c - K\u00dcBLER Energiatakar\u00e9kos csarnokf\u0171t\u00e9si rendszerek\" src=\"https:\/\/www.kuebler-hallenheizungen.de\/projektberichte\/embed\/#?secret=0sCyL1VJv9#?secret=6dCAQ6hoHP\" data-secret=\"6dCAQ6hoHP\" width=\"500\" height=\"282\" frameborder=\"0\" marginwidth=\"0\" marginheight=\"0\" scrolling=\"no\"><\/iframe><\/p>\n<p>#Infrav\u00f6r\u00f6s csarnokf\u0171t\u00e9s #Hallf\u0171t\u00e9s #Energiahat\u00e9konys\u00e1g #Ipari f\u0171t\u00e9s #Energetikai \u00e1t\u00e1ll\u00e1s #Karbonmentes\u00edt\u00e9s #Ipari csarnokok #PTermel\u0151csarnokok #Logisztikai csarnokok #M\u0171helyf\u0171t\u00e9s #Cereskedelmi ingatlanok #Hallfel\u00faj\u00edt\u00e1s #Eenergia k\u00f6lts\u00e9gmegtakar\u00edt\u00e1s #Sfenntarthat\u00f3 technol\u00f3gia #KUEBLER<\/p>","protected":false},"featured_media":127358,"template":"","class_list":["post-127354","shortnews","type-shortnews","status-publish","has-post-thumbnail","hentry"],"acf":[],"_links":{"self":[{"href":"https:\/\/www.kuebler-hallenheizungen.de\/hu\/wp-json\/wp\/v2\/shortnews\/127354","targetHints":{"allow":["GET"]}}],"collection":[{"href":"https:\/\/www.kuebler-hallenheizungen.de\/hu\/wp-json\/wp\/v2\/shortnews"}],"about":[{"href":"https:\/\/www.kuebler-hallenheizungen.de\/hu\/wp-json\/wp\/v2\/types\/shortnews"}],"wp:featuredmedia":[{"embeddable":true,"href":"https:\/\/www.kuebler-hallenheizungen.de\/hu\/wp-json\/wp\/v2\/media\/127358"}],"wp:attachment":[{"href":"https:\/\/www.kuebler-hallenheizungen.de\/hu\/wp-json\/wp\/v2\/media?parent=127354"}],"curies":[{"name":"wp","href":"https:\/\/api.w.org\/{rel}","templated":true}]}}