{"id":157597,"date":"2026-04-26T18:54:55","date_gmt":"2026-04-26T16:54:55","guid":{"rendered":"https:\/\/www.kuebler-hallenheizungen.de\/?post_type=shortnews&#038;p=157597"},"modified":"2026-04-26T19:03:30","modified_gmt":"2026-04-26T17:03:30","slug":"vasarnapi-gondolatok-26-04-2026","status":"publish","type":"shortnews","link":"https:\/\/www.kuebler-hallenheizungen.de\/hu\/kurznews\/sonntagsgedanken-26-04-2026\/","title":{"rendered":"Vas\u00e1rnapi gondolatok"},"content":{"rendered":"<p>Vas\u00e1rnap. Ide\u00e1lis nap arra, hogy meg\u00e1lljunk egy pillanatra - \u00e9s el\u0151re tekints\u00fcnk a holnapra.<br \/>Legk\u00e9s\u0151bb 2045-re N\u00e9metorsz\u00e1gban kl\u00edmasemleges lesz a f\u0171t\u00e9s. M\u00e9g a gy\u00e1rt\u00f3csarnokokban \u00e9s rakt\u00e1rakban is.<\/p>\r\n\r\n\r\n\r\n<p>A j\u00f3 h\u00edr: <strong>Az ehhez sz\u00fcks\u00e9ges technol\u00f3gia m\u00e1r ma is l\u00e9tezik.<\/strong><br \/>A K\u00dcBLER energiaf\u00fcggetlen infrav\u00f6r\u00f6s csarnokf\u0171t\u00e9si rendszerei m\u00e1r most 50-70 sz\u00e1zal\u00e9kkal hat\u00e9konyabban m\u0171k\u00f6dnek, mint a hagyom\u00e1nyos rendszerek. A FUTURA z\u00f6kken\u0151mentesen v\u00e1ltogat a villamos energia, a biog\u00e1z, a hidrog\u00e9n, a f\u00f6ldg\u00e1z vagy a met\u00e1n k\u00f6z\u00f6tt - mindig a naponta rendelkez\u00e9sre \u00e1ll\u00f3 \u00e9s legolcs\u00f3bb energiaforr\u00e1s.<\/p>\r\n\r\n\r\n\r\n<p><strong>Kevesebb energia. Kevesebb CO\u2082. Kevesebb k\u00f6lts\u00e9g.<\/strong><\/p>\r\n\r\n\r\n\r\n\r\n\r\n<p>\u00c9s kompromisszumok n\u00e9lk\u00fcl - m\u00e9g a csarnok munkater\u00fclet\u00e9n sem.<br \/>Mert a nap term\u00e9szetes h\u0151sug\u00e1rz\u00e1sa pontosan ott meleg\u00edt, ahol a dolgoz\u00f3inak sz\u00fcks\u00e9ge van r\u00e1: alul, a csarnok padl\u00f3j\u00e1n. Nem a csarnok teteje alatt.<\/p>\r\n\r\n\r\n\r\n<p>Aki ma tervez, az d\u00f6nt a holnap energiak\u00f6lts\u00e9geir\u0151l.<br \/>\u00e9s hogy mennyire lesz versenyk\u00e9pes a csarnoka 2045-ben.<\/p>\r\n\r\n\r\n\r\n<p>A K\u00dcBLER pihentet\u0151 vas\u00e1rnapot k\u00edv\u00e1n.<\/p>\r\n\r\n\r\n\r\n<p>#Snapi gondolkod\u00e1s #energiamegfordul\u00e1s #Hallf\u0171t\u00e9s #Infrraf\u0171t\u00e9s #FUTURA #Karbonmentes\u00edt\u00e9s #Ckl\u00edmasemleges2045 #Energiahat\u00e9konys\u00e1g #CO2-cs\u00f6kkent\u00e9s #Cversenyk\u00e9pesel\u0151ny<\/p>","protected":false},"featured_media":157601,"template":"","class_list":["post-157597","shortnews","type-shortnews","status-publish","has-post-thumbnail","hentry"],"acf":[],"_links":{"self":[{"href":"https:\/\/www.kuebler-hallenheizungen.de\/hu\/wp-json\/wp\/v2\/shortnews\/157597","targetHints":{"allow":["GET"]}}],"collection":[{"href":"https:\/\/www.kuebler-hallenheizungen.de\/hu\/wp-json\/wp\/v2\/shortnews"}],"about":[{"href":"https:\/\/www.kuebler-hallenheizungen.de\/hu\/wp-json\/wp\/v2\/types\/shortnews"}],"wp:featuredmedia":[{"embeddable":true,"href":"https:\/\/www.kuebler-hallenheizungen.de\/hu\/wp-json\/wp\/v2\/media\/157601"}],"wp:attachment":[{"href":"https:\/\/www.kuebler-hallenheizungen.de\/hu\/wp-json\/wp\/v2\/media?parent=157597"}],"curies":[{"name":"wp","href":"https:\/\/api.w.org\/{rel}","templated":true}]}}