{"id":157790,"date":"2026-04-28T22:10:55","date_gmt":"2026-04-28T20:10:55","guid":{"rendered":"https:\/\/www.kuebler-hallenheizungen.de\/kurznews\/waermewende-2030-weichen-stellen\/"},"modified":"2026-04-28T22:18:29","modified_gmt":"2026-04-28T20:18:29","slug":"a-2030-as-fordulat-elokeszitese","status":"publish","type":"shortnews","link":"https:\/\/www.kuebler-hallenheizungen.de\/hu\/kurznews\/waermewende-2030-weichen-stellen\/","title":{"rendered":"Hogyan hat\u00e1rozz\u00e1k meg a v\u00e1llalatok ma a helyes ir\u00e1nyt"},"content":{"rendered":"<p>A h\u0151\u00e1t\u00e1ll\u00e1s a kkv-k sz\u00e1m\u00e1ra m\u00e1r nem a j\u00f6v\u0151 t\u00e9m\u00e1ja, hanem aktu\u00e1lis strat\u00e9giai feladat. Ezt hangs\u00falyozt\u00e1k a webin\u00e1riumon \u201e<strong>H\u0151termel\u00e9s 2030: Hogyan lehet m\u00e1r ma ir\u00e1nyt szabni a hat\u00e9kony \u00e9s jogk\u00f6vet\u0151 j\u00f6v\u0151nek?<\/strong>\", amelyet az IHK Trier az IHK-Arbeitsgemeinschaft Rheinland-Pfalz-szal k\u00f6z\u00f6sen szervezett. El\u0151ad\u00e1s\u00e1ban <a href=\"https:\/\/www.linkedin.com\/in\/thomas-k%C3%BCbler-2a391a57\/\" target=\"_blank\" rel=\"noopener\">Thomas K\u00fcbler<\/a> (K\u00dcBLER GmbH Energiesparende Hallenheizungen) gyakorlati betekint\u00e9st ny\u00fajtott a politikai keretekbe, \u00e9s bemutatta, hogyan tudj\u00e1k a v\u00e1llalatok gazdas\u00e1gosan megval\u00f3s\u00edtani a h\u0151\u00e1t\u00e1ll\u00e1st - k\u00fcl\u00f6n\u00f6sen a belt\u00e9ri \u00e9s nem lak\u00f3\u00e9p\u00fcletekben.<\/p>\r\n\r\n\r\n\r\n<p>A tapasztalt v\u00e1llalkoz\u00f3 kulcsfontoss\u00e1g\u00fa lend\u00fcletet adott:<\/p>\r\n\r\n\r\n\r\n<p><strong>\u2192 A h\u0151 az energia\u00e1t\u00e1ll\u00e1s kulcsa<\/strong><br \/>A v\u00e1llalatok energiafogyaszt\u00e1s\u00e1nak ak\u00e1r 70 %-nyi r\u00e9sz\u00e9t a h\u0151 teszi ki - ez az a ter\u00fclet, ahol a legnagyobb el\u0151ny\u00f6k rejlenek.<\/p>\r\n\r\n\r\n\r\n<p><strong>\u2192 Hat\u00e9konys\u00e1g az energiaforr\u00e1sok el\u0151tt<\/strong><br \/>Nem a g\u00e1z, a villamos energia vagy a hidrog\u00e9n k\u00e9rd\u00e9se a kiindul\u00f3pont, hanem a megl\u00e9v\u0151 rendszer optimaliz\u00e1l\u00e1sa.<\/p>\r\n\r\n\r\n\r\n<p><strong>\u2192 A csarnokokra vonatkoz\u00f3 k\u00fcl\u00f6nleges k\u00f6vetelm\u00e9nyek<\/strong><br \/>A magas helyis\u00e9gek, a leveg\u0151 r\u00e9tegz\u0151d\u00e9se \u00e9s a r\u00f6vid haszn\u00e1lati id\u0151 miatt a klasszikus melegleveg\u0151s megold\u00e1sok gyakran nem hat\u00e9konyak.<\/p>\r\n\r\n\r\n\r\n<p><strong>\u2192 Technol\u00f3giai nyitotts\u00e1g a technol\u00f3giai korl\u00e1tok helyett<\/strong><br \/>A d\u00f6nt\u0151 t\u00e9nyez\u0151 a CO\u2082-cs\u00f6kkent\u00e9s - nem pedig az egyetlen megold\u00e1s melletti elk\u00f6telezetts\u00e9g.<\/p>\r\n\r\n\r\n\r\n<p><strong>\u2192 Infrav\u00f6r\u00f6s mint hat\u00e9kony megk\u00f6zel\u00edt\u00e9s<\/strong><br \/>Az ir\u00e1ny\u00edtott h\u0151 cs\u00f6kkenti a vesztes\u00e9geket, gyors felmeleged\u00e9st tesz lehet\u0151v\u00e9 \u00e9s n\u00f6veli a felhaszn\u00e1l\u00f3i elfogadotts\u00e1got.<\/p>\r\n\r\n\r\n\r\n<p><strong>\u2192 Az energia rugalmass\u00e1ga megteremti a j\u00f6v\u0151 biztons\u00e1g\u00e1t<\/strong><br \/>A k\u00fcl\u00f6nb\u00f6z\u0151 energiaforr\u00e1sokat integr\u00e1l\u00f3 rendszerek n\u00f6velik a rugalmass\u00e1got \u00e9s a hat\u00e9konys\u00e1got.<\/p>\r\n\r\n\r\n\r\n<p><strong>\u2192 A digitaliz\u00e1ci\u00f3 mint el\u0151seg\u00edt\u0151 t\u00e9nyez\u0151<\/strong><br \/>A m\u00e9rhet\u0151s\u00e9g \u00e9s a szab\u00e1lyozhat\u00f3s\u00e1g a hat\u00e9kony h\u0151gazd\u00e1lkod\u00e1s kulcsfontoss\u00e1g\u00fa el\u0151felt\u00e9tele.<\/p>\r\n\r\n\r\n\r\n\r\n\r\n<p>Moder\u00e1tor: <a href=\"https:\/\/www.linkedin.com\/in\/sarahsousa71918121b\/\" target=\"_blank\" rel=\"noopener\">Sarah Sousa<\/a>, a Pfalzi Ipari \u00e9s Kereskedelmi Kamara energia- \u00e9s k\u00f6rnyezetv\u00e9delmi referense, a webszemin\u00e1rium a kkv-k alkalmazottait \u00e9s d\u00f6nt\u00e9shoz\u00f3it is megc\u00e9lozta a Mittelstand-Digital Zentrum Franken munkat\u00e1rs\u00e1nak, Nicola Kimiaie-nak a m\u00e1sodik el\u0151ad\u00e1s\u00e1ban. Hiszen k\u00fcl\u00f6n\u00f6sen a kis- \u00e9s k\u00f6z\u00e9pv\u00e1llalkoz\u00e1soknak a f\u0171t\u00e9si \u00e1t\u00e1ll\u00e1s k\u00f6vetkezt\u00e9ben \u00faj technikai, gazdas\u00e1gi \u00e9s szab\u00e1lyoz\u00e1si kih\u00edv\u00e1sokkal kell szemben\u00e9zni\u00fck. Ugyanakkor azonban nagyszer\u0171 lehet\u0151s\u00e9gek ny\u00edlhatnak meg az energia hat\u00e9konyabb felhaszn\u00e1l\u00e1s\u00e1ra, a k\u00f6lts\u00e9gek cs\u00f6kkent\u00e9s\u00e9re \u00e9s a h\u0151ell\u00e1t\u00e1s \u00faj form\u00e1inak kifejleszt\u00e9s\u00e9re.<\/p>\r\n\r\n\r\n\r\n<p><strong>K\u00f6vetkeztet\u00e9s:<\/strong><br \/>A f\u0171t\u00e9si \u00e1t\u00e1ll\u00e1s a hat\u00e9konys\u00e1ggal kezd\u0151dik - \u00e9s sok esetben a felt\u00e9telezettn\u00e9l gyorsabban (gyakran 5-7 \u00e9ven bel\u00fcl) gazdas\u00e1gosan megval\u00f3s\u00edthat\u00f3. A kkv-k sz\u00e1m\u00e1ra ez azt jelenti, hogy aki ma cselekszik, nemcsak a szab\u00e1lyoz\u00e1si k\u00f6vetelm\u00e9nyeknek felelhet meg, hanem hossz\u00fa t\u00e1von cs\u00f6kkentheti a k\u00f6lts\u00e9geket \u00e9s versenyel\u0151ny\u00f6ket biztos\u00edthat.<\/p>\r\n\r\n\r\n\r\n\r\n\r\n<p>#H\u0151\u00e1t\u00e1ll\u00e1s #Energiahat\u00e9konys\u00e1g #SME-k #Energetikai \u00e1t\u00e1ll\u00e1s #Sfenntarthat\u00f3s\u00e1g #ipart\u00fara #TTranszform\u00e1ci\u00f3 #digitaliz\u00e1l\u00e1s<\/p>","protected":false},"featured_media":157791,"template":"","class_list":["post-157790","shortnews","type-shortnews","status-publish","has-post-thumbnail","hentry"],"acf":[],"_links":{"self":[{"href":"https:\/\/www.kuebler-hallenheizungen.de\/hu\/wp-json\/wp\/v2\/shortnews\/157790","targetHints":{"allow":["GET"]}}],"collection":[{"href":"https:\/\/www.kuebler-hallenheizungen.de\/hu\/wp-json\/wp\/v2\/shortnews"}],"about":[{"href":"https:\/\/www.kuebler-hallenheizungen.de\/hu\/wp-json\/wp\/v2\/types\/shortnews"}],"wp:featuredmedia":[{"embeddable":true,"href":"https:\/\/www.kuebler-hallenheizungen.de\/hu\/wp-json\/wp\/v2\/media\/157791"}],"wp:attachment":[{"href":"https:\/\/www.kuebler-hallenheizungen.de\/hu\/wp-json\/wp\/v2\/media?parent=157790"}],"curies":[{"name":"wp","href":"https:\/\/api.w.org\/{rel}","templated":true}]}}