{"id":28516,"date":"2024-10-25T21:14:58","date_gmt":"2024-10-25T19:14:58","guid":{"rendered":"https:\/\/www.kuebler-hallenheizungen.de\/?post_type=shortnews&#038;p=28516"},"modified":"2025-01-21T13:59:42","modified_gmt":"2025-01-21T12:59:42","slug":"a-norio-youtuberrel-keszuelt-videonk-online-van","status":"publish","type":"shortnews","link":"https:\/\/www.kuebler-hallenheizungen.de\/hu\/kurznews\/unser-video-mit-youtuber-norio-ist-online\/","title":{"rendered":"A Norio YouTuberrel k\u00e9sz\u00edtett vide\u00f3nk online!"},"content":{"rendered":"<p>A csarnokf\u0171t\u00e9s megmentheti N\u00e9metorsz\u00e1got mint \u00fczleti helysz\u00ednt? Ez a k\u00e9rd\u00e9s el\u00e9g izgalmas volt ahhoz, hogy a j\u00f3l ismert Youtuber Norio ell\u00e1togasson a K\u00dcBLER vezet\u0151 csarnokf\u0171t\u00e9si specialist\u00e1hoz Ludwigshafenbe, hogy saj\u00e1t szem\u00e9vel l\u00e1ssa az infrav\u00f6r\u00f6s f\u0171t\u00e9s leg\u00fajabb fejleszt\u00e9seit. Az eredm\u00e9ny egy izgalmas vide\u00f3 lett, amelyet mindenk\u00e9ppen \u00e9rdemes megn\u00e9zni.<\/p>\n<p>Egyszer\u0171en keressen r\u00e1 a b\u00f6ng\u00e9sz\u0151j\u00e9ben a \"YouTube Norio K\u00dcBLER\" c\u00edmsz\u00f3ra, vagy haszn\u00e1lja a kommentben tal\u00e1lhat\u00f3 linket.<\/p>\n<p>A leg\u00fajabb gener\u00e1ci\u00f3s, nagy hat\u00e9konys\u00e1g\u00fa \u00e9s energiaf\u00fcggetlen infrav\u00f6r\u00f6s csarnokf\u0171t\u00e9sek nem jelentenek csodaszert, de az ak\u00e1r 70 % energia- \u00e9s k\u00f6lts\u00e9gmegtakar\u00edt\u00e1ssal d\u00f6nt\u0151 m\u00e9rt\u00e9kben hozz\u00e1j\u00e1rulnak a kereskedelmi \u00e9s ipari csarnokokban a magas n\u00e9metorsz\u00e1gi energiak\u00f6lts\u00e9gek ellens\u00falyoz\u00e1s\u00e1hoz, \u00e9s meg\u00e1ll\u00edtj\u00e1k sz\u00e1mos v\u00e1llalat \u00e1ttelep\u00fcl\u00e9si tendenci\u00e1j\u00e1t. Mellesleg rendk\u00edv\u00fcl gazdas\u00e1gos felt\u00e9telek mellett \u00e9s GEG-konforman.<\/p>\n<p>Ebb\u0151l a vide\u00f3b\u00f3l nemcsak azt tudja meg, hogy az energiahat\u00e9kony csarnokf\u0171t\u00e9si rendszerek hogyan cs\u00f6kkenthetik a f\u0171t\u00e9si k\u00f6lts\u00e9geket, hanem azt is, hogy hogyan er\u0151s\u00edthetik N\u00e9metorsz\u00e1got mint \u00fczleti helysz\u00ednt.<\/p>\n<p>N\u00e9zze meg, \u00e9s fedezze fel a hat\u00e9kony f\u0171t\u00e9si megold\u00e1sok \u00e1ltal k\u00edn\u00e1lt lehet\u0151s\u00e9geket az ipar \u00e9s a kereskedelem sz\u00e1m\u00e1ra. N\u00e9zze meg a vide\u00f3t most, \u00e9s csatlakozzon a vit\u00e1hoz!<\/p>\n<p>Link: <a href=\"https:\/\/www.youtube.com\/watch?v=BB4c0dJh24o&amp;t=16s\" rel=\"nofollow\">kuebler-hallenheizungen.de\/Norio<\/a><\/p>\n<p>#Norio #\u00d6mbf\u0171t\u00e9s #Energiatakar\u00e9koss\u00e1g #Costcs\u00f6kkent\u00e9s # Ipari f\u0171t\u00e9s #Business location #Ehat\u00e9kony f\u0171t\u00e9si megold\u00e1sok #Eenergia-megtakar\u00edt\u00e1s #Cereskedelmi f\u0171t\u00e9s #N\u00e9metorsz\u00e1g #H\u0171t\u00e9si k\u00f6lts\u00e9gmegtakar\u00edt\u00e1s #Ipar #H\u0171t\u00e9si technol\u00f3gia #EK\u00f6rnyezetv\u00e9delem #Besz\u00e9lgessen vel\u00fcnk!<\/p>\n<p><iframe title=\"YouTube vide\u00f3 lej\u00e1tsz\u00f3\" src=\"https:\/\/www.youtube.com\/embed\/BB4c0dJh24o?si=gPeLTuA5I4XVrOr_\" width=\"560\" height=\"315\" frameborder=\"0\" allowfullscreen=\"allowfullscreen\"><\/iframe><\/p>","protected":false},"featured_media":28520,"template":"","class_list":["post-28516","shortnews","type-shortnews","status-publish","has-post-thumbnail","hentry"],"acf":[],"_links":{"self":[{"href":"https:\/\/www.kuebler-hallenheizungen.de\/hu\/wp-json\/wp\/v2\/shortnews\/28516","targetHints":{"allow":["GET"]}}],"collection":[{"href":"https:\/\/www.kuebler-hallenheizungen.de\/hu\/wp-json\/wp\/v2\/shortnews"}],"about":[{"href":"https:\/\/www.kuebler-hallenheizungen.de\/hu\/wp-json\/wp\/v2\/types\/shortnews"}],"wp:featuredmedia":[{"embeddable":true,"href":"https:\/\/www.kuebler-hallenheizungen.de\/hu\/wp-json\/wp\/v2\/media\/28520"}],"wp:attachment":[{"href":"https:\/\/www.kuebler-hallenheizungen.de\/hu\/wp-json\/wp\/v2\/media?parent=28516"}],"curies":[{"name":"wp","href":"https:\/\/api.w.org\/{rel}","templated":true}]}}