{"id":28986,"date":"2024-12-19T20:40:06","date_gmt":"2024-12-19T19:40:06","guid":{"rendered":"https:\/\/www.kuebler-hallenheizungen.de\/?post_type=shortnews&#038;p=28986"},"modified":"2025-08-13T02:09:50","modified_gmt":"2025-08-13T00:09:50","slug":"hogyan-lehet-penzt-megtakaritani-az-uennepek-alatt","status":"publish","type":"shortnews","link":"https:\/\/www.kuebler-hallenheizungen.de\/hu\/kurznews\/wie-sie-ueber-die-feiertage-richtig-geld-sparen\/","title":{"rendered":"Hogyan lehet igaz\u00e1n sp\u00f3rolni az \u00fcnnepek alatt?"},"content":{"rendered":"<p>Hogyan lehet igaz\u00e1n sp\u00f3rolni az \u00fcnnepek alatt?<br \/>\nH\u00e1rom forr\u00f3 tipp a csarnokok sz\u00e1m\u00e1ra.<\/p>\n<p>Hopp\u00e1, megint kar\u00e1csony? M\u00e1r csak n\u00e9h\u00e1ny nap, \u00e9s a legt\u00f6bb csarnokban bez\u00e1rulnak a kapuk a kar\u00e1csonyi sz\u00fcnetre, amely id\u00e9n k\u00fcl\u00f6n\u00f6sen hossz\u00fara ny\u00falik.<\/p>\n<p>Ez azt jelenti mindazok sz\u00e1m\u00e1ra, akik gazdas\u00e1gosan gondolkodnak: m\u00e1r most \u00e1ll\u00edts\u00e1k \u00e1t a csarnok f\u0171t\u00e9s\u00e9t \u00fcnnepi \u00fczemm\u00f3dra. Mert az energiak\u00f6lts\u00e9gek egyszer\u0171en t\u00fal dr\u00e1g\u00e1k ahhoz, hogy feleslegesen pazaroljuk \u0151ket. A rendszer m\u00e9ret\u00e9t\u0151l f\u00fcgg\u0151en k\u00f6nnyen megsp\u00f3rolhat n\u00e9h\u00e1ny ezer eur\u00f3t.<\/p>\n<p>Hogyan? A h\u00e1rom legfontosabb szak\u00e9rt\u0151i tippet leg\u00fajabb blogbejegyz\u00e9s\u00fcnkben tal\u00e1lja:<\/p>\n<a class=\"arrow-link\" href=\"https:\/\/www.kuebler-hallenheizungen.de\/hu\/hogyan-szabalyozhatja-a-csarnok-futeset-a-karacsonyi-szuenetben-es-hogyan-lehet-okosan-fellepni-az-emelkedo-energiaarakkal-szemben\/\" target=\"_blank\" rel=\"nofollow\">\u00dcnnepnapi m\u0171k\u00f6d\u00e9s\n            <svg viewbox=\"0 0 18 14\" class=\"arrow\" fill=\"none\" xmlns=\"http:\/\/www.w3.org\/2000\/svg\">\n                <path d=\"M1 7H17M17 7L11 1M17 7L11 13\" stroke=\"currentColor\" stroke-width=\"2\" stroke-linecap=\"round\" stroke-linejoin=\"round\"\/>\n            <\/svg>\n        <\/a>\n<h4><\/h4>\n<h4><strong>\u2606 Boldog kar\u00e1csonyt, pihentet\u0151 \u00fcnnepeket \u00e9s csod\u00e1latos \u00faj \u00e9vet k\u00edv\u00e1nunk! \u2606<\/strong><\/h4>","protected":false},"featured_media":28989,"template":"","class_list":["post-28986","shortnews","type-shortnews","status-publish","has-post-thumbnail","hentry"],"acf":[],"_links":{"self":[{"href":"https:\/\/www.kuebler-hallenheizungen.de\/hu\/wp-json\/wp\/v2\/shortnews\/28986","targetHints":{"allow":["GET"]}}],"collection":[{"href":"https:\/\/www.kuebler-hallenheizungen.de\/hu\/wp-json\/wp\/v2\/shortnews"}],"about":[{"href":"https:\/\/www.kuebler-hallenheizungen.de\/hu\/wp-json\/wp\/v2\/types\/shortnews"}],"wp:featuredmedia":[{"embeddable":true,"href":"https:\/\/www.kuebler-hallenheizungen.de\/hu\/wp-json\/wp\/v2\/media\/28989"}],"wp:attachment":[{"href":"https:\/\/www.kuebler-hallenheizungen.de\/hu\/wp-json\/wp\/v2\/media?parent=28986"}],"curies":[{"name":"wp","href":"https:\/\/api.w.org\/{rel}","templated":true}]}}