{"id":31052,"date":"2025-08-17T16:04:28","date_gmt":"2025-08-17T14:04:28","guid":{"rendered":"https:\/\/www.kuebler-hallenheizungen.de\/?post_type=shortnews&#038;p=31052"},"modified":"2025-12-02T10:43:47","modified_gmt":"2025-12-02T09:43:47","slug":"csatlakozz-a-csapatunkhoz-mert-szereted-az-innovativ-technologiakat","status":"publish","type":"shortnews","link":"https:\/\/www.kuebler-hallenheizungen.de\/hu\/kurznews\/komm-ins-team-weil-du-innovative-technologien-liebst\/","title":{"rendered":"CSATLAKOZZ A CSAPATHOZ! Mert szereted az innovat\u00edv technol\u00f3gi\u00e1kat."},"content":{"rendered":"<p>CSATLAKOZZ A CSAPATHOZ! Mert szereted az innovat\u00edv technol\u00f3gi\u00e1kat.<\/p>\n<p>Er\u0151s csapat, innovat\u00edv technol\u00f3gia \u00e9s fenntarthat\u00f3 megold\u00e1sok: a K\u00dcBLER-n\u00e9l \u00d6n alak\u00edtja a csarnokf\u0171t\u00e9s j\u00f6v\u0151j\u00e9t \u2013 \u00e9s egy\u00fattal a saj\u00e1t karrierj\u00e9t is.<\/p>\n<p><span data-offset-key=\"6eko3-0-0\"><a class=\"arrow-link\" href=\"https:\/\/www.kuebler-hallenheizungen.de\/hu\/karrier\/\" target=\"_blank\" rel=\"nofollow\">Karrier \n            <svg viewbox=\"0 0 18 14\" class=\"arrow\" fill=\"none\" xmlns=\"http:\/\/www.w3.org\/2000\/svg\">\n                <path d=\"M1 7H17M17 7L11 1M17 7L11 13\" stroke=\"currentColor\" stroke-width=\"2\" stroke-linecap=\"round\" stroke-linejoin=\"round\"\/>\n            <\/svg>\n        <\/a><\/span><\/p>\n<p>#J\u00f6v\u0151vel rendelkez\u0151 munkahely #K\u00dcBLERKarrier #Energiatakar\u00e9koss\u00e1g #Hall f\u0171t\u00e9s<\/p>\n<p><iframe title=\"YouTube vide\u00f3 lej\u00e1tsz\u00f3\" src=\"https:\/\/www.youtube.com\/embed\/veu43fYM_Vs\" width=\"560\" height=\"315\" frameborder=\"0\" allowfullscreen=\"allowfullscreen\"><br \/>\n<\/iframe><\/p>","protected":false},"featured_media":31057,"template":"","class_list":["post-31052","shortnews","type-shortnews","status-publish","has-post-thumbnail","hentry"],"acf":[],"_links":{"self":[{"href":"https:\/\/www.kuebler-hallenheizungen.de\/hu\/wp-json\/wp\/v2\/shortnews\/31052","targetHints":{"allow":["GET"]}}],"collection":[{"href":"https:\/\/www.kuebler-hallenheizungen.de\/hu\/wp-json\/wp\/v2\/shortnews"}],"about":[{"href":"https:\/\/www.kuebler-hallenheizungen.de\/hu\/wp-json\/wp\/v2\/types\/shortnews"}],"wp:featuredmedia":[{"embeddable":true,"href":"https:\/\/www.kuebler-hallenheizungen.de\/hu\/wp-json\/wp\/v2\/media\/31057"}],"wp:attachment":[{"href":"https:\/\/www.kuebler-hallenheizungen.de\/hu\/wp-json\/wp\/v2\/media?parent=31052"}],"curies":[{"name":"wp","href":"https:\/\/api.w.org\/{rel}","templated":true}]}}