{"id":31220,"date":"2025-09-02T11:08:34","date_gmt":"2025-09-02T09:08:34","guid":{"rendered":"https:\/\/www.kuebler-hallenheizungen.de\/?post_type=shortnews&#038;p=31220"},"modified":"2025-09-04T11:08:41","modified_gmt":"2025-09-04T09:08:41","slug":"hogyan-erhetuenk-el-fenntarthato-pontszamot-a-minositesben","status":"publish","type":"shortnews","link":"https:\/\/www.kuebler-hallenheizungen.de\/hu\/kurznews\/nachhaltig-punkten-im-rating-so-gehts\/","title":{"rendered":"Hossz\u00fa t\u00e1von j\u00f3 pontsz\u00e1mot el\u00e9rni a min\u0151s\u00edt\u00e9sben \u2013 \u00cdgy lehet!"},"content":{"rendered":"<p>Ami\u00f3ta a fenntarthat\u00f3s\u00e1gi krit\u00e9riumok beker\u00fcltek az eur\u00f3pai \u00e9s nemzeti ir\u00e1nyelvekbe, egyre ink\u00e1bb a figyelem k\u00f6z\u00e9ppontj\u00e1ba ker\u00fclnek a jelenleg jelent\u00e9st\u00e9telre nem k\u00f6telezett v\u00e1llalatok sz\u00e1m\u00e1ra.<\/p>\n<p>A k\u00f6z\u00e9pv\u00e1llalkoz\u00e1sok 2026-t\u00f3l lesznek \u00e9rintettek. Az \u00fagynevezett ESG-krit\u00e9riumok (Environmental, Social, Governance) nemcsak a k\u00f6rnyezeti \u00e9s t\u00e1rsadalmi hat\u00e1sok \u00e9rt\u00e9kel\u00e9s\u00e9t seg\u00edtik, hanem sz\u00e1mos el\u0151nyt is k\u00edn\u00e1lnak a v\u00e1llalat sz\u00e1m\u00e1ra. Tudjon meg t\u00f6bbet \u00faj online szemin\u00e1riumunkban: \"ESG - \u00c9rt\u00e9kel\u00e9si t\u00e9nyez\u0151 a csarnokf\u0171t\u0151k sz\u00e1m\u00e1ra\".<\/p>\n<p>Ez a szemin\u00e1rium betekint\u00e9st ny\u00fajt abba, hogy mely krit\u00e9riumokat lehet gyorsan, egyszer\u0171en \u00e9s k\u00f6lts\u00e9ghat\u00e9konyan megval\u00f3s\u00edtani, \u00e9s k\u00fcl\u00f6n kiemeli, hogy a csarnokf\u0171t\u00e9si rendszerek milyen nagy lehet\u0151s\u00e9geket rejtenek a fenntarthat\u00f3 v\u00e1llalati fejl\u0151d\u00e9s \u00e9s a pozit\u00edv min\u0151s\u00edt\u00e9s szempontj\u00e1b\u00f3l. K\u00e9t tapasztalt szak\u00e9rt\u0151 \u00e9rt\u00e9kes betekint\u00e9st ny\u00fajt \u00d6nnek az ESG-strat\u00e9gi\u00e1kba \u00e9s azok gyakorlatias megval\u00f3s\u00edt\u00e1s\u00e1ba.<\/p>\n<p>Mathias Keller, tilia<br \/>\nKai-Uwe Gr\u00fctter, a K\u00dcBLER al\u00e1\u00edr\u00e1si meghatalmazottja<br \/>\nv\u00e9gigvezeti \u00d6nt ezen a szemin\u00e1riumon, \u00e9s v\u00e1laszol a k\u00e9rd\u00e9seire.<\/p>\n<p>ESG - Csarnokf\u0171t\u00e9si rendszerek min\u0151s\u00edt\u00e9si t\u00e9nyez\u0151je<br \/>\nFenntarthat\u00f3s\u00e1gi krit\u00e9riumok: fontoss\u00e1g \u00e9s lehet\u0151s\u00e9gek a v\u00e1llalatok sz\u00e1m\u00e1ra<br \/>\n18.09.2025 Hol? Online | Microsoft Teams<\/p>\n<p>https:\/\/www.kuebler-hallenheizungen.de\/18092025\/<\/p>\n<p>#ESG #S fenntarthat\u00f3s\u00e1g #S fenntarthat\u00f3s\u00e1g #ESGRating #Environment #SocialGovernance #ClimateProtection #EnergyEfficiency #GreenBusiness #CorporateSustainability #CorporateSustainability #Ipar #SMEs #H\u00e1zf\u0171t\u00e9s #Kuebler #Energiatakar\u00e9koss\u00e1g #CO\u2082-cs\u00f6kkent\u00e9s #ShapingTheFuture #ESGSeminar #SustainableBusiness #OnlineSeminar #OnlineSeminar<\/p>","protected":false},"featured_media":31223,"template":"","class_list":["post-31220","shortnews","type-shortnews","status-publish","has-post-thumbnail","hentry"],"acf":[],"_links":{"self":[{"href":"https:\/\/www.kuebler-hallenheizungen.de\/hu\/wp-json\/wp\/v2\/shortnews\/31220","targetHints":{"allow":["GET"]}}],"collection":[{"href":"https:\/\/www.kuebler-hallenheizungen.de\/hu\/wp-json\/wp\/v2\/shortnews"}],"about":[{"href":"https:\/\/www.kuebler-hallenheizungen.de\/hu\/wp-json\/wp\/v2\/types\/shortnews"}],"wp:featuredmedia":[{"embeddable":true,"href":"https:\/\/www.kuebler-hallenheizungen.de\/hu\/wp-json\/wp\/v2\/media\/31223"}],"wp:attachment":[{"href":"https:\/\/www.kuebler-hallenheizungen.de\/hu\/wp-json\/wp\/v2\/media?parent=31220"}],"curies":[{"name":"wp","href":"https:\/\/api.w.org\/{rel}","templated":true}]}}