{"id":31483,"date":"2025-09-04T11:10:30","date_gmt":"2025-09-04T09:10:30","guid":{"rendered":"https:\/\/www.kuebler-hallenheizungen.de\/?post_type=shortnews&#038;p=31483"},"modified":"2025-09-09T19:45:09","modified_gmt":"2025-09-09T17:45:09","slug":"a-vallalatok-ma-nagy-kihivasokkal-neznek-szembe","status":"publish","type":"shortnews","link":"https:\/\/www.kuebler-hallenheizungen.de\/hu\/kurznews\/unternehmen-stehen-heute-vor-grossen-herausforderungen\/","title":{"rendered":"A v\u00e1llalatok ma nagy kih\u00edv\u00e1sokkal szembes\u00fclnek:"},"content":{"rendered":"<p>A v\u00e1llalatok ma nagy kih\u00edv\u00e1sokkal szembes\u00fclnek:<br \/>\n- Cs\u00f6kkentse az energiak\u00f6lts\u00e9geket<br \/>\n- A CO\u2082-kibocs\u00e1t\u00e1s cs\u00f6kkent\u00e9se<br \/>\n- Jogi k\u00f6vetelm\u00e9nyek teljes\u00edt\u00e9se<br \/>\n- Maradjon gazdas\u00e1gos \u00e9s megb\u00edzhat\u00f3<br \/>\nEz\u00e9rt fejleszt\u00fcnk a K\u00dcBLER-n\u00e9l olyan f\u0171t\u00e9si megold\u00e1sokat, amelyek t\u00f6bbre k\u00e9pesek, mint a h\u0151szolg\u00e1ltat\u00e1s.<\/p>\n<p>? Olyan rendszerek, amelyek ma hat\u00e9konyak, holnap pedig el\u0151re gondolkodnak.<br \/>\n? Megold\u00e1sok, amelyekkel jav\u00edthatja energiam\u00e9rleg\u00e9t, cs\u00f6kkentheti k\u00f6lts\u00e9geit \u00e9s akt\u00edvan hozz\u00e1j\u00e1rulhat v\u00e1llalata fenntarthat\u00f3s\u00e1g\u00e1hoz.<\/p>\n<p>- Mi ezt \u00fagy h\u00edvjuk: melegs\u00e9g v\u00edzi\u00f3val.<br \/>\n- Az \u00d6n csarnok\u00e1ra szabva.<br \/>\n- Szak\u00e9rt\u0151i tan\u00e1csad\u00e1s k\u00eds\u00e9ret\u00e9ben.<br \/>\n- Er\u0151s szolg\u00e1ltat\u00e1ssal t\u00e1mogatva - egy \u00e9leten \u00e1t<\/p>\n<p>Mert az igazi innov\u00e1ci\u00f3 nem csak azt jelenti, hogy reag\u00e1lunk a v\u00e1ltoz\u00e1sokra, hanem azt is, hogy el\u0151re gondolkodunk.<\/p>\n<p>Neked.<br \/>\nAz \u00d6n csarnok\u00e1ba.<br \/>\nA fenntarthat\u00f3 j\u00f6v\u0151\u00e9rt.<\/p>\n<p>#Innov\u00e1ci\u00f3 #Hall f\u0171t\u00e9s #HeatWithFarSight #S fenntarthat\u00f3s\u00e1g #K\u00fcblerHeat #EnergyEfficiency #FutureOriented #IndustrialHeat #CO\u2082Reduction #MadeInGermany #MadeInGermany<\/p>\n<p>&nbsp;<\/p>","protected":false},"featured_media":31486,"template":"","class_list":["post-31483","shortnews","type-shortnews","status-publish","has-post-thumbnail","hentry"],"acf":[],"_links":{"self":[{"href":"https:\/\/www.kuebler-hallenheizungen.de\/hu\/wp-json\/wp\/v2\/shortnews\/31483","targetHints":{"allow":["GET"]}}],"collection":[{"href":"https:\/\/www.kuebler-hallenheizungen.de\/hu\/wp-json\/wp\/v2\/shortnews"}],"about":[{"href":"https:\/\/www.kuebler-hallenheizungen.de\/hu\/wp-json\/wp\/v2\/types\/shortnews"}],"wp:featuredmedia":[{"embeddable":true,"href":"https:\/\/www.kuebler-hallenheizungen.de\/hu\/wp-json\/wp\/v2\/media\/31486"}],"wp:attachment":[{"href":"https:\/\/www.kuebler-hallenheizungen.de\/hu\/wp-json\/wp\/v2\/media?parent=31483"}],"curies":[{"name":"wp","href":"https:\/\/api.w.org\/{rel}","templated":true}]}}