{"id":32303,"date":"2025-09-07T20:44:44","date_gmt":"2025-09-07T18:44:44","guid":{"rendered":"https:\/\/www.kuebler-hallenheizungen.de\/?post_type=shortnews&#038;p=32303"},"modified":"2025-09-07T20:45:38","modified_gmt":"2025-09-07T18:45:38","slug":"mert-kueblerrel-biztosan-szamolsz","status":"publish","type":"shortnews","link":"https:\/\/www.kuebler-hallenheizungen.de\/hu\/kurznews\/weil-du-bei-kuebler-sicher-zaehlst\/","title":{"rendered":"Mert a K\u00dcBLER-n\u00e9l TE biztosan sz\u00e1m\u00edtasz"},"content":{"rendered":"<p>Ak\u00e1r a m\u0171szaki ter\u00fcleten, ak\u00e1r a fejleszt\u00e9sben vagy az \u00e9rt\u00e9kes\u00edt\u00e9sben - a K\u00dcBLER-n\u00e9l \u00d6n sz\u00e1m\u00edt. Ismerje meg csapatunkat \u00e9s legyen a r\u00e9szese! \u00dcdv\u00f6z\u00f6lj\u00fck a kl\u00edmabar\u00e1t csarnokf\u0171t\u00e9si rendszerek technol\u00f3giai vezet\u0151j\u00e9n\u00e9l!<\/p>\n<blockquote class=\"wp-embedded-content\" data-secret=\"eB23QeqOpE\"><p><a href=\"https:\/\/www.kuebler-hallenheizungen.de\/hu\/karrier\/allasajanlatok\/\">\u00c1ll\u00e1saj\u00e1nlatok<\/a><\/p><\/blockquote>\n<p><iframe class=\"wp-embedded-content\" sandbox=\"allow-scripts\" security=\"restricted\" style=\"position: absolute; visibility: hidden;\" title=\"\u201e\u00c1ll\u00e1saj\u00e1nlatok\u201c - K\u00dcBLER Energiatakar\u00e9kos csarnokf\u0171t\u00e9si rendszerek\" src=\"https:\/\/www.kuebler-hallenheizungen.de\/karriere\/stellenangebote\/embed\/#?secret=UOIsns6hRo#?secret=eB23QeqOpE\" data-secret=\"eB23QeqOpE\" width=\"500\" height=\"282\" frameborder=\"0\" marginwidth=\"0\" marginheight=\"0\" scrolling=\"no\"><\/iframe><\/p>\n<p>? #WeAreK\u00dcBLER #Teamwork #JobsDieBewegen #Hallenheizungen<\/p>\n<p><!-- Standard --><br \/>\n<iframe title=\"YouTube vide\u00f3 lej\u00e1tsz\u00f3\" src=\"https:\/\/www.youtube.com\/embed\/8ZiQwaJcAvM?modestbranding=1&amp;rel=0&amp;playsinline=1\" width=\"560\" height=\"315\" frameborder=\"0\" allowfullscreen=\"allowfullscreen\"><br \/>\n<\/iframe><\/p>","protected":false},"featured_media":32307,"template":"","class_list":["post-32303","shortnews","type-shortnews","status-publish","has-post-thumbnail","hentry"],"acf":[],"_links":{"self":[{"href":"https:\/\/www.kuebler-hallenheizungen.de\/hu\/wp-json\/wp\/v2\/shortnews\/32303","targetHints":{"allow":["GET"]}}],"collection":[{"href":"https:\/\/www.kuebler-hallenheizungen.de\/hu\/wp-json\/wp\/v2\/shortnews"}],"about":[{"href":"https:\/\/www.kuebler-hallenheizungen.de\/hu\/wp-json\/wp\/v2\/types\/shortnews"}],"wp:featuredmedia":[{"embeddable":true,"href":"https:\/\/www.kuebler-hallenheizungen.de\/hu\/wp-json\/wp\/v2\/media\/32307"}],"wp:attachment":[{"href":"https:\/\/www.kuebler-hallenheizungen.de\/hu\/wp-json\/wp\/v2\/media?parent=32303"}],"curies":[{"name":"wp","href":"https:\/\/api.w.org\/{rel}","templated":true}]}}