{"id":33735,"date":"2025-09-11T20:14:52","date_gmt":"2025-09-11T18:14:52","guid":{"rendered":"https:\/\/www.kuebler-hallenheizungen.de\/?post_type=shortnews&#038;p=33735"},"modified":"2025-09-11T20:15:28","modified_gmt":"2025-09-11T18:15:28","slug":"nem-kell-felni-a-modernizaciotol","status":"publish","type":"shortnews","link":"https:\/\/www.kuebler-hallenheizungen.de\/hu\/kurznews\/keine-angst-vorm-modernisieren\/","title":{"rendered":"Ne f\u00e9lj\u00fcnk a moderniz\u00e1ci\u00f3t\u00f3l"},"content":{"rendered":"<p>Moderniz\u00e1ljon gond n\u00e9lk\u00fcl - haszn\u00e1lja a legjobb csarnokf\u0171t\u00e9st a termel\u00e9s le\u00e1ll\u00edt\u00e1sa n\u00e9lk\u00fcl - hat\u00e9konyan, tiszt\u00e1n \u00e9s probl\u00e9mamentesen.<br \/>\nA termel\u00e9s le\u00e1ll\u00e1s\u00e1t\u00f3l val\u00f3 f\u00e9lelem sokakat visszatart att\u00f3l, hogy korszer\u0171s\u00edts\u00e9k elavult csarnokf\u0171t\u00e9si rendszereiket - m\u00e9g akkor is, ha a r\u00e9gi rendszer m\u00e1r r\u00e9g\u00f3ta t\u00fal sok energi\u00e1t fogyaszt, \u00e9s m\u00e1r nem felel meg a k\u00f6vetelm\u00e9nyeknek.<br \/>\nDe mi lenne, ha a f\u0171t\u00e9si rendszer \u00e1talak\u00edt\u00e1sa egyszer\u0171en a folyamatos m\u0171k\u00f6d\u00e9s sor\u00e1n t\u00f6rt\u00e9nne? Le\u00e1ll\u00e1sok, fennakad\u00e1sok \u00e9s k\u00e1osz n\u00e9lk\u00fcl?<br \/>\nA modern, alacsony fogyaszt\u00e1s\u00fa \u00e9s \u00e9ghajlatbar\u00e1t infrav\u00f6r\u00f6s csarnokf\u0171t\u00e9si rendszereket ma m\u00e1r \u00fagy tervezik \u00e9s telep\u00edtik, hogy az \u00d6n folyamatai - a tapasztalt szerel\u0151csapatoknak k\u00f6sz\u00f6nhet\u0151en - tov\u00e1bbra is m\u0171k\u00f6dhessenek, \u00e1ltal\u00e1ban a m\u0171k\u00f6d\u00e9s\u00e9nek megszak\u00edt\u00e1sa n\u00e9lk\u00fcl. A rendszereket helytakar\u00e9kosan, k\u00f6zvetlen\u00fcl a csarnok mennyezete al\u00e1 telep\u00edtik.<br \/>\nA f\u0171t\u00e9si k\u00f6lts\u00e9gek \u00e9s a CO\u2082 megtakar\u00edt\u00e1s \u00fatja? Nagyon egyszer\u0171:<br \/>\nBesz\u00e9ljen vel\u00fcnk:<\/p>\n<blockquote class=\"wp-embedded-content\" data-secret=\"nQ6tMYfi7F\"><p><a href=\"https:\/\/www.kuebler-hallenheizungen.de\/hu\/kapcsolatfelvetel\/\">Kapcsolatfelv\u00e9tel<\/a><\/p><\/blockquote>\n<p><iframe class=\"wp-embedded-content\" sandbox=\"allow-scripts\" security=\"restricted\" style=\"position: absolute; visibility: hidden;\" title=\"\u201eKapcsolat\u201c \u2014 K\u00dcBLER Energiatakar\u00e9kos csarnokf\u0171t\u00e9sek\" src=\"https:\/\/www.kuebler-hallenheizungen.de\/kontakt\/embed\/#?secret=PrRuc2pw9f#?secret=nQ6tMYfi7F\" data-secret=\"nQ6tMYfi7F\" width=\"500\" height=\"282\" frameborder=\"0\" marginwidth=\"0\" marginheight=\"0\" scrolling=\"no\"><\/iframe><\/p>\n<p>#Hall f\u0171t\u00e9s #Moderniz\u00e1ci\u00f3 #Energiatakar\u00e9koss\u00e1g #CO\u2082megtakar\u00edt\u00e1s #Infrav\u00f6r\u00f6s f\u0171t\u00e9s #Industri\u00e1lis f\u0171t\u00e9s #P Termel\u00e9si megb\u00edzhat\u00f3s\u00e1g #TA termel\u00e9s le\u00e1ll\u00edt\u00e1sa n\u00e9lk\u00fcl #Ckl\u00edmabar\u00e1t #Ck\u00f6lts\u00e9gmegtakar\u00edt\u00e1s #Sfenntarthat\u00f3s\u00e1g #Innov\u00e1ci\u00f3Intrade<\/p>","protected":false},"featured_media":33738,"template":"","class_list":["post-33735","shortnews","type-shortnews","status-publish","has-post-thumbnail","hentry"],"acf":[],"_links":{"self":[{"href":"https:\/\/www.kuebler-hallenheizungen.de\/hu\/wp-json\/wp\/v2\/shortnews\/33735","targetHints":{"allow":["GET"]}}],"collection":[{"href":"https:\/\/www.kuebler-hallenheizungen.de\/hu\/wp-json\/wp\/v2\/shortnews"}],"about":[{"href":"https:\/\/www.kuebler-hallenheizungen.de\/hu\/wp-json\/wp\/v2\/types\/shortnews"}],"wp:featuredmedia":[{"embeddable":true,"href":"https:\/\/www.kuebler-hallenheizungen.de\/hu\/wp-json\/wp\/v2\/media\/33738"}],"wp:attachment":[{"href":"https:\/\/www.kuebler-hallenheizungen.de\/hu\/wp-json\/wp\/v2\/media?parent=33735"}],"curies":[{"name":"wp","href":"https:\/\/api.w.org\/{rel}","templated":true}]}}