{"id":33972,"date":"2025-09-14T21:09:13","date_gmt":"2025-09-14T19:09:13","guid":{"rendered":"https:\/\/www.kuebler-hallenheizungen.de\/?post_type=shortnews&#038;p=33972"},"modified":"2025-09-14T21:09:13","modified_gmt":"2025-09-14T19:09:13","slug":"beszelgessuenk-az-asztalnal-arrol-hogyan-takarithat-meg-30-70-szazalekot-az-energiakoeltsegekbol","status":"publish","type":"shortnews","link":"https:\/\/www.kuebler-hallenheizungen.de\/hu\/kurznews\/talk-am-tisch-wie-sparen-sie-30-bis70-ihrer-energiekosten-ein\/","title":{"rendered":"TALK am TISCH \u2013 Hogyan takar\u00edthat meg 30\u201370 % energiak\u00f6lts\u00e9get?"},"content":{"rendered":"<p>A win-win a kevesebb energia r\u00e9v\u00e9n alacsonyabb k\u00f6lts\u00e9gek. A piros asztaln\u00e1l szakemberek v\u00e1laszolnak a csarnokf\u0171t\u00e9s minden k\u00e9rd\u00e9s\u00e9re. Olyan t\u00e9m\u00e1k, amelyek mindenkit \u00e9rintenek, aki m\u00e1r most szem el\u0151tt akarja tartani a holnap f\u0171t\u00e9si \u00e9s energiastrat\u00e9gi\u00e1j\u00e1t. Ma minden az energiatakar\u00e9koss\u00e1gr\u00f3l \u00e9s a k\u00e9rd\u00e9sr\u0151l sz\u00f3l: \u201eHogyan lehet 30-70 % energiak\u00f6lts\u00e9get megtakar\u00edtani?\u201c.\u201c<\/p>\n<p><iframe title=\"YouTube vide\u00f3 lej\u00e1tsz\u00f3\" src=\"https:\/\/www.youtube.com\/embed\/aLQO9BZrWZE\" width=\"560\" height=\"315\" frameborder=\"0\" allowfullscreen=\"allowfullscreen\"><\/iframe><\/p>\n<blockquote class=\"wp-embedded-content\" data-secret=\"H4q26c3yEs\"><p><a href=\"https:\/\/www.kuebler-hallenheizungen.de\/hu\/kapcsolatfelvetel\/\">Kapcsolatfelv\u00e9tel<\/a><\/p><\/blockquote>\n<p><iframe class=\"wp-embedded-content\" sandbox=\"allow-scripts\" security=\"restricted\" style=\"position: absolute; visibility: hidden;\" title=\"\u201eKapcsolat\u201c \u2014 K\u00dcBLER Energiatakar\u00e9kos csarnokf\u0171t\u00e9sek\" src=\"https:\/\/www.kuebler-hallenheizungen.de\/kontakt\/embed\/#?secret=wmIz0NabzB#?secret=H4q26c3yEs\" data-secret=\"H4q26c3yEs\" width=\"500\" height=\"282\" frameborder=\"0\" marginwidth=\"0\" marginheight=\"0\" scrolling=\"no\"><\/iframe><\/p>\n<p>#Energiamegtakar\u00edt\u00e1s #Energiak\u00f6lts\u00e9gek #Hall f\u0171t\u00e9s #Energiastrat\u00e9gia #Rf\u0171t\u00e9si k\u00f6lts\u00e9gek cs\u00f6kkent\u00e9se #Sfenntarthat\u00f3s\u00e1g #Ehat\u00e9konys\u00e1g #Ckl\u00edmabar\u00e1t #Energetikai \u00e1t\u00e1ll\u00e1s #Ck\u00f6lts\u00e9gcs\u00f6kkent\u00e9s #Ck\u00f6lts\u00e9gcs\u00f6kkent\u00e9s<\/p>","protected":false},"featured_media":33976,"template":"","class_list":["post-33972","shortnews","type-shortnews","status-publish","has-post-thumbnail","hentry"],"acf":[],"_links":{"self":[{"href":"https:\/\/www.kuebler-hallenheizungen.de\/hu\/wp-json\/wp\/v2\/shortnews\/33972","targetHints":{"allow":["GET"]}}],"collection":[{"href":"https:\/\/www.kuebler-hallenheizungen.de\/hu\/wp-json\/wp\/v2\/shortnews"}],"about":[{"href":"https:\/\/www.kuebler-hallenheizungen.de\/hu\/wp-json\/wp\/v2\/types\/shortnews"}],"wp:featuredmedia":[{"embeddable":true,"href":"https:\/\/www.kuebler-hallenheizungen.de\/hu\/wp-json\/wp\/v2\/media\/33976"}],"wp:attachment":[{"href":"https:\/\/www.kuebler-hallenheizungen.de\/hu\/wp-json\/wp\/v2\/media?parent=33972"}],"curies":[{"name":"wp","href":"https:\/\/api.w.org\/{rel}","templated":true}]}}