{"id":37667,"date":"2025-10-03T16:57:05","date_gmt":"2025-10-03T14:57:05","guid":{"rendered":"https:\/\/www.kuebler-hallenheizungen.de\/?post_type=shortnews&#038;p=37667"},"modified":"2025-10-05T20:03:00","modified_gmt":"2025-10-05T18:03:00","slug":"csarnok-futesi-rendszerek-premium-minosegben-keszuelt-kelet-es-nyugat","status":"publish","type":"shortnews","link":"https:\/\/www.kuebler-hallenheizungen.de\/hu\/kurznews\/hallenheizungen-in-premium-qualitaet-made-ost-und-west\/","title":{"rendered":"Pr\u00e9mium min\u0151s\u00e9g\u0171 csarnokf\u0171t\u00e9sek \u2013 keleti \u00e9s nyugati gy\u00e1rtm\u00e1nyok."},"content":{"rendered":"<p>Mi k\u00f6ti \u00f6ssze a K\u00dcBLER-t \u00e9s a n\u00e9met egys\u00e9get? Eg\u00e9sz egyszer\u0171en ez: Mi voltunk az els\u0151k, akik Sz\u00e1szorsz\u00e1gban \u00e9p\u00edtkezt\u00fcnk. \u00c9s azon kevesek k\u00f6z\u00e9 tartozunk a kezdetekt\u0151l fogva, akik ma is \u201eott\u201c gy\u00f6kereznek.<\/p>\n<p>Drezdai termel\u00e9si k\u00f6zpontunk sikert\u00f6rt\u00e9nett\u00e9 fejl\u0151d\u00f6tt. Ma m\u00e1r szinte minden alkatr\u00e9szt saj\u00e1t magunk gy\u00e1rtunk a kifinomult csarnokf\u0171t\u00e9si rendszerekhez. Ebbe nagy \u00f6sszegeket fektett\u00fcnk be: munkat\u00e1rsaink sz\u00e9lesk\u00f6r\u0171 szaktud\u00e1s\u00e1ba \u00e9s a legmodernebb g\u00e9pekbe.<\/p>\n<p>A legfontosabb azonban m\u00e1r a kezdetekt\u0151l fogva a K\u00dcBLER csal\u00e1don bel\u00fcli \u00f6sszetart\u00e1s volt. Ez a m\u00e1sik ok, ami\u00e9rt a N\u00e9met Egys\u00e9g Napja egy nagyon k\u00fcl\u00f6nleges nap sz\u00e1munkra.<br \/>\nEgy\u00fcttesen technol\u00f3giai vezet\u0151 szerepet t\u00f6lt\u00fcnk be, \u00e9s b\u00fcszk\u00e9k vagyunk arra, hogy fontos hozz\u00e1j\u00e1rul\u00e1st ny\u00fajtunk a kereskedelmi \u00e9p\u00fcletek fenntarthat\u00f3 \u00e9s j\u00f6v\u0151biztos f\u0171t\u00e9s\u00e9hez - val\u00f3ban Made in Germany.<\/p>\n<blockquote class=\"wp-embedded-content\" data-secret=\"BosXCaPnBf\"><p><a href=\"https:\/\/www.kuebler-hallenheizungen.de\/hu\/a-kueblerrol\/\">A K\u00dcBLER<\/a><\/p><\/blockquote>\n<p><iframe class=\"wp-embedded-content\" sandbox=\"allow-scripts\" security=\"restricted\" style=\"position: absolute; visibility: hidden;\" title=\"\u201eA K\u00dcBLER-r\u0151l\u201c - K\u00dcBLER Energiatakar\u00e9kos csarnokf\u0171t\u00e9si rendszerek\" src=\"https:\/\/www.kuebler-hallenheizungen.de\/ueber-kuebler\/embed\/#?secret=sx6U3pizpg#?secret=BosXCaPnBf\" data-secret=\"BosXCaPnBf\" width=\"500\" height=\"282\" frameborder=\"0\" marginwidth=\"0\" marginheight=\"0\" scrolling=\"no\"><\/iframe><\/p>\n<p>#DayOfGermanUnity #GermanUnity #Reunification #MadeInGermany #K\u00dcBLER #HallenHeating #EnergyEfficiency #TechnologyLeader #HeatingTechnology #SustainableSolutions #PPremiumQuality #InnovationMadeInGermany<\/p>","protected":false},"featured_media":37671,"template":"","class_list":["post-37667","shortnews","type-shortnews","status-publish","has-post-thumbnail","hentry"],"acf":[],"_links":{"self":[{"href":"https:\/\/www.kuebler-hallenheizungen.de\/hu\/wp-json\/wp\/v2\/shortnews\/37667","targetHints":{"allow":["GET"]}}],"collection":[{"href":"https:\/\/www.kuebler-hallenheizungen.de\/hu\/wp-json\/wp\/v2\/shortnews"}],"about":[{"href":"https:\/\/www.kuebler-hallenheizungen.de\/hu\/wp-json\/wp\/v2\/types\/shortnews"}],"wp:featuredmedia":[{"embeddable":true,"href":"https:\/\/www.kuebler-hallenheizungen.de\/hu\/wp-json\/wp\/v2\/media\/37671"}],"wp:attachment":[{"href":"https:\/\/www.kuebler-hallenheizungen.de\/hu\/wp-json\/wp\/v2\/media?parent=37667"}],"curies":[{"name":"wp","href":"https:\/\/api.w.org\/{rel}","templated":true}]}}