{"id":39339,"date":"2025-10-12T21:23:01","date_gmt":"2025-10-12T19:23:01","guid":{"rendered":"https:\/\/www.kuebler-hallenheizungen.de\/?post_type=shortnews&#038;p=39339"},"modified":"2025-10-12T21:23:01","modified_gmt":"2025-10-12T19:23:01","slug":"milyen-hatassal-vannak-az-energiahatekony-csarnokfutesi-rendszerek-a-co2-kibocsatas-csoekkentesere","status":"publish","type":"shortnews","link":"https:\/\/www.kuebler-hallenheizungen.de\/hu\/kurznews\/welchen-hebel-haben-energieeffiziente-hallenheizungen-auf-die-reduktion-von-co2-emissionen\/","title":{"rendered":"Milyen hat\u00e1ssal vannak az energiahat\u00e9kony csarnokf\u0171t\u00e9sek a CO2-kibocs\u00e1t\u00e1s cs\u00f6kkent\u00e9s\u00e9re?"},"content":{"rendered":"<p>A V\u00f6r\u00f6s asztaln\u00e1l szakemberek v\u00e1laszolnak a csarnokf\u0171t\u00e9ssel kapcsolatos k\u00e9rd\u00e9sekre. Olyan t\u00e9m\u00e1k, amelyek minden d\u00f6nt\u00e9shoz\u00f3t \u00e9rintenek, akik m\u00e1r most szem el\u0151tt akarj\u00e1k tartani a holnap f\u0171t\u00e9si \u00e9s energiastrat\u00e9gi\u00e1j\u00e1t.<\/p>\n<p>Ma a hangs\u00faly a dekarboniz\u00e1ci\u00f3n van, \u00e9s a k\u00f6vetkez\u0151 k\u00e9rd\u00e9sen: \u201eMilyen hat\u00e1ssal vannak az energiahat\u00e9kony csarnokf\u0171t\u00e9si rendszerek a CO\u2082-kibocs\u00e1t\u00e1s cs\u00f6kkent\u00e9s\u00e9re?\u201c.\u201c<\/p>\n<p><iframe title=\"YouTube vide\u00f3 lej\u00e1tsz\u00f3\" src=\"https:\/\/www.youtube.com\/embed\/POeIv-v41lQ\" width=\"560\" height=\"315\" frameborder=\"0\" allowfullscreen=\"allowfullscreen\"><\/iframe><\/p>\n<p>#Hall f\u0171t\u00e9s #Dekarboniz\u00e1ci\u00f3 #Energiahat\u00e9konys\u00e1g #CO2-cs\u00f6kkent\u00e9s #Energetikai \u00e1t\u00e1ll\u00e1s #Industri\u00e1lis f\u0171t\u00e9s #\u00c9p\u00fcletg\u00e9p\u00e9szet #H\u0171t\u00e9si strat\u00e9gia #Sfenntarthat\u00f3s\u00e1g #Cl\u00edmav\u00e9delem #Infrav\u00f6r\u00f6s f\u0171t\u00e9s #H\u0171t\u00e9stechnika #Energiatakar\u00e9koss\u00e1g #Futurizmus #K\u00dcBLER<\/p>","protected":false},"featured_media":39343,"template":"","class_list":["post-39339","shortnews","type-shortnews","status-publish","has-post-thumbnail","hentry"],"acf":[],"_links":{"self":[{"href":"https:\/\/www.kuebler-hallenheizungen.de\/hu\/wp-json\/wp\/v2\/shortnews\/39339","targetHints":{"allow":["GET"]}}],"collection":[{"href":"https:\/\/www.kuebler-hallenheizungen.de\/hu\/wp-json\/wp\/v2\/shortnews"}],"about":[{"href":"https:\/\/www.kuebler-hallenheizungen.de\/hu\/wp-json\/wp\/v2\/types\/shortnews"}],"wp:featuredmedia":[{"embeddable":true,"href":"https:\/\/www.kuebler-hallenheizungen.de\/hu\/wp-json\/wp\/v2\/media\/39343"}],"wp:attachment":[{"href":"https:\/\/www.kuebler-hallenheizungen.de\/hu\/wp-json\/wp\/v2\/media?parent=39339"}],"curies":[{"name":"wp","href":"https:\/\/api.w.org\/{rel}","templated":true}]}}