{"id":40330,"date":"2025-10-21T17:10:57","date_gmt":"2025-10-21T15:10:57","guid":{"rendered":"https:\/\/www.kuebler-hallenheizungen.de\/?post_type=shortnews&#038;p=40330"},"modified":"2025-10-21T17:11:49","modified_gmt":"2025-10-21T15:11:49","slug":"strategiai-partner-ausztriaban-kuebler-raymann-kraft-der-sonne-photovoltaikanlagen-gmbh","status":"publish","type":"shortnews","link":"https:\/\/www.kuebler-hallenheizungen.de\/hu\/kurznews\/strategische-partner-in-oesterreich-kuebler-raymann-kraft-der-sonne-photovoltaikanlagen-gmbh\/","title":{"rendered":"Strat\u00e9giai partnerek Ausztri\u00e1ban: K\u00dcBLER &amp; Raymann Kraft der Sonne Photovoltaikanlagen GmbH"},"content":{"rendered":"<p>Nagy \u00f6r\u00f6m\u00fcnkre szolg\u00e1l az els\u0151 K\u00dcBLER szak\u00e9rt\u0151i partners\u00e9g Ausztri\u00e1ban!<\/p>\n<p>Mi\u00e9rt a K\u00dcBLER a megfelel\u0151 partner a neves villanyszerel\u0151 sz\u00e1m\u00e1ra? Mert a j\u00f6v\u0151orient\u00e1lt v\u00e1llalat sz\u00e1m\u00e1ra a term\u00e9kmin\u0151s\u00e9g \u00e9s az innov\u00e1ci\u00f3 a legfontosabb priorit\u00e1sok. Ez\u00e9rt az ipari f\u0171t\u00e9si \u00e1gazat a j\u00f6v\u0151ben is a K\u00dcBLER innovat\u00edv, CO\u2082-mentes, rendk\u00edv\u00fcl hat\u00e9kony \u00e9s gazdas\u00e1gos elektromos f\u0171t\u00e9si megold\u00e1saira fog t\u00e1maszkodni.<\/p>\n<p>Ez d\u00f6nt\u0151 szinergi\u00e1kat teremt a fotovoltaika, a t\u00e1rol\u00e1si technol\u00f3gia \u00e9s a modern csarnokf\u0171t\u00e9s k\u00f6z\u00f6tt. Egy\u00e9bk\u00e9nt: a Raymann 2023-ban m\u00e1r megval\u00f3s\u00edtotta B\u00e9cs m\u00e1sodik legnagyobb tet\u0151t\u00e9ri fotovoltaikus rendszer\u00e9t egy sportk\u00f6zponton (@europahalle), leny\u0171g\u00f6z\u0151 1000 kWp teljes\u00edtm\u00e9ny\u00e9vel. \u00c9s ez m\u00e9g csak a kezdet: m\u00e9g t\u00f6bb j\u00f6n!<\/p>\n<p>A Raymann villanyszerel\u0151 v\u00e1llalat (<a href=\"https:\/\/www.youtube.com\/@Photovoltaikraymann\" target=\"_blank\" rel=\"noopener\">Fotovoltaika raymann - YouTube<\/a> ) A Kraft der Sonne Photovoltaikanlagen GmbH 22 \u00e9ves tapasztalattal, 33 elk\u00f6telezett munkat\u00e1rssal \u00e9s egy vil\u00e1gos k\u00fcldet\u00e9ssel rendelkezik: a fenntarthat\u00f3 energia j\u00f6v\u0151be val\u00f3 \u00e1t\u00fcltet\u00e9se. \u00datt\u00f6r\u0151 csarnokf\u0171t\u00e9si megold\u00e1saival a K\u00dcBLER pontosan a megfelel\u0151 partner.<\/p>\n<p><a href=\"https:\/\/www.kuebler-hallenheizungen.de\/hu\/electro-ir\/\">Szeretne t\u00f6bbet megtudni a csarnokf\u0171t\u00e9s j\u00f6v\u0151j\u00e9r\u0151l?<\/a><\/p>\n<p>#K\u00fcbler #Hall f\u0171t\u00e9s #Ppartners\u00e9g #Photovoltaika #Sfenntarthat\u00f3s\u00e1g #Innov\u00e1ci\u00f3 #Ausztria #Energiatakar\u00e9koss\u00e1g # Ipari f\u0171t\u00e9s # Ipari f\u0171t\u00e9s<\/p>","protected":false},"featured_media":40334,"template":"","class_list":["post-40330","shortnews","type-shortnews","status-publish","has-post-thumbnail","hentry"],"acf":[],"_links":{"self":[{"href":"https:\/\/www.kuebler-hallenheizungen.de\/hu\/wp-json\/wp\/v2\/shortnews\/40330","targetHints":{"allow":["GET"]}}],"collection":[{"href":"https:\/\/www.kuebler-hallenheizungen.de\/hu\/wp-json\/wp\/v2\/shortnews"}],"about":[{"href":"https:\/\/www.kuebler-hallenheizungen.de\/hu\/wp-json\/wp\/v2\/types\/shortnews"}],"wp:featuredmedia":[{"embeddable":true,"href":"https:\/\/www.kuebler-hallenheizungen.de\/hu\/wp-json\/wp\/v2\/media\/40334"}],"wp:attachment":[{"href":"https:\/\/www.kuebler-hallenheizungen.de\/hu\/wp-json\/wp\/v2\/media?parent=40330"}],"curies":[{"name":"wp","href":"https:\/\/api.w.org\/{rel}","templated":true}]}}