{"id":42398,"date":"2025-11-04T20:50:01","date_gmt":"2025-11-04T19:50:01","guid":{"rendered":"https:\/\/www.kuebler-hallenheizungen.de\/?post_type=shortnews&#038;p=42398"},"modified":"2025-11-04T20:51:28","modified_gmt":"2025-11-04T19:51:28","slug":"nagy-oeroemuenkre-szolgal-hogy-a-joevo-2025-vallalatanak-jeloeltek-minket","status":"publish","type":"shortnews","link":"https:\/\/www.kuebler-hallenheizungen.de\/hu\/kurznews\/wir-freuen-uns-ueber-die-nominierung-als-zukunftsunternehmen-2025\/","title":{"rendered":"\u00d6r\u00f6mmel fogadjuk a \u201e2025-\u00f6s j\u00f6v\u0151 v\u00e1llalata\u201c jel\u00f6l\u00e9st.\u201c"},"content":{"rendered":"<p>\u201eRajna-vid\u00e9k-Pfalzban t\u00f6rt\u00e9nnek a dolgok\u201c - mondta Alexander Schweitzer minisztereln\u00f6k a \u201eJ\u00f6v\u0151 v\u00e1llalatai\u201c d\u00edjkioszt\u00f3 \u00fcnneps\u00e9gen, az \u00c1llami Kancell\u00e1ria d\u00edszterm\u00e9ben. Besz\u00e9lt arr\u00f3l az innov\u00e1ci\u00f3s er\u0151r\u0151l \u00e9s er\u0151teljes kezdem\u00e9nyez\u00e9sekr\u0151l, amelyek tartom\u00e1nyunk kis- \u00e9s k\u00f6z\u00e9pv\u00e1llalkoz\u00e1saib\u00f3l \u00e9s csal\u00e1di v\u00e1llalkoz\u00e1saib\u00f3l erednek. \u201eAz a megtiszteltet\u00e9s, amelyet a ZIRP ma csak n\u00e9h\u00e1nyaknak \u00edt\u00e9l oda, val\u00f3j\u00e1ban sokaknak sz\u00f3l.\u201c<\/p>\n<p>A Zukunftsinitiative Rheinland-Pfalz (ZIRP) e.V. nyolcadik alkalommal d\u00edjazza a \u201eZukunftsunternehmen\u201c d\u00edjjal azokat a rajna-vid\u00e9k-pfalzi v\u00e1llalatokat, amelyek a digitaliz\u00e1ci\u00f3t \u00e9s a fenntarthat\u00f3s\u00e1got p\u00e9lda\u00e9rt\u00e9k\u0171 \u00e9s innovat\u00edv tev\u00e9kenys\u00e9gekkel \u00f6tv\u00f6zik. Id\u00e9n \u00f6t v\u00e1llalat \u00e9s h\u00e1rom start-up v\u00e1llalkoz\u00e1s l\u00e9pett sz\u00ednpadra. Dr. Arnd Huchzermeier professzor (WHU - Otto Beisheim School of Management) elmagyar\u00e1zza, hogy miben t\u0171nnek ki a jel\u00f6lt v\u00e1llalatok: \u201eA d\u00f6nt\u0151s\u00f6k mindegyike kifejezetten a v\u00e1llalati digit\u00e1lis felel\u0151ss\u00e9gv\u00e1llal\u00e1st (CDR) haszn\u00e1lja a munkav\u00e1llal\u00f3k motiv\u00e1l\u00e1s\u00e1ra, valamint az \u00fcgyfelekkel, besz\u00e1ll\u00edt\u00f3kkal \u00e9s a v\u00e1llalat egy\u00e9b \u00e9rdekelt feleivel szembeni bizalom ki\u00e9p\u00edt\u00e9s\u00e9re\u201c.\u201c<\/p>\n<p>\u201eEgy nagyszer\u0171 esem\u00e9ny\u201c - mondta el\u00e9gedetten Thomas K\u00fcbler, a ludwigshafeni K\u00dcBLER GmbH csarnokf\u0171t\u00e9sre specializ\u00e1l\u00f3dott c\u00e9g alap\u00edt\u00f3ja \u00e9s \u00fcgyvezet\u0151 igazgat\u00f3ja. \u201eHihetetlen\u00fcl b\u00fcszk\u00e9k vagyunk arra, hogy e rangos d\u00edj d\u00f6nt\u0151sei k\u00f6z\u00f6tt lehet\u00fcnk, \u00e9s gratul\u00e1lunk mindazoknak, akik hozz\u00e1nk hasonl\u00f3an ma a sz\u00ednpadon \u00e1llhattak.<\/p>\n<p>Mindenekel\u0151tt a @Lohmann GmbH &amp; Co. KG \u00e9s a @REFACTUM GmbH.\u201c<br \/>\nK\u00f6sz\u00f6net a ZIRP csapat\u00e1nak, k\u00fcl\u00f6n\u00f6sen @Dr. Christiane Liesenfeldnek \u00e9s @Max Helmesnek, valamint a zs\u0171ri tagjainak: @Torsten Hauptmann, @Prof. Dr. Arnd Huchzermeier, @Svenja Knetsch, @Dr. Stefan Wess \u00e9s @Marcel Wolsing.<\/p>\n<p>#J\u00f6v\u0151orient\u00e1lt v\u00e1llalatok #ZIRP #Rhineland-Pfalz #Innov\u00e1ci\u00f3 #Digitaliz\u00e1ci\u00f3 #Fenntarthat\u00f3s\u00e1g #CorporateDigitalResponsibility #CDR #M\u00e9dium m\u00e9ret\u0171 v\u00e1llalatok #Csal\u00e1di v\u00e1llalkoz\u00e1sok #Future #Future 1TP5Gazdas\u00e1g #Awards #A d\u00edj\u00e1tad\u00f3 \u00fcnneps\u00e9g #P minisztereln\u00f6k #AlexanderSchweitzer #ThomasK\u00fcbler #K\u00fcblerGmbH #Ludwigshafen #Ev\u00e1llalkoz\u00f3i szellem #J\u00f6v\u0151 kezdem\u00e9nyez\u00e9se #Sztartupok #Felel\u0151ss\u00e9g #Technol\u00f3gia #TTranszform\u00e1ci\u00f3 #TTranszform\u00e1ci\u00f3<\/p>\n<p>Jana Kay fot\u00f3s (f\u0151 k\u00e9p) Tov\u00e1bbi k\u00e9pek: K\u00dcBLER.<\/p>","protected":false},"featured_media":42403,"template":"","class_list":["post-42398","shortnews","type-shortnews","status-publish","has-post-thumbnail","hentry"],"acf":[],"_links":{"self":[{"href":"https:\/\/www.kuebler-hallenheizungen.de\/hu\/wp-json\/wp\/v2\/shortnews\/42398","targetHints":{"allow":["GET"]}}],"collection":[{"href":"https:\/\/www.kuebler-hallenheizungen.de\/hu\/wp-json\/wp\/v2\/shortnews"}],"about":[{"href":"https:\/\/www.kuebler-hallenheizungen.de\/hu\/wp-json\/wp\/v2\/types\/shortnews"}],"wp:featuredmedia":[{"embeddable":true,"href":"https:\/\/www.kuebler-hallenheizungen.de\/hu\/wp-json\/wp\/v2\/media\/42403"}],"wp:attachment":[{"href":"https:\/\/www.kuebler-hallenheizungen.de\/hu\/wp-json\/wp\/v2\/media?parent=42398"}],"curies":[{"name":"wp","href":"https:\/\/api.w.org\/{rel}","templated":true}]}}