{"id":49460,"date":"2025-12-09T20:18:45","date_gmt":"2025-12-09T19:18:45","guid":{"rendered":"https:\/\/www.kuebler-hallenheizungen.de\/?post_type=shortnews&#038;p=49460"},"modified":"2025-12-09T20:18:45","modified_gmt":"2025-12-09T19:18:45","slug":"jelenlegi-villamosenergia-arak","status":"publish","type":"shortnews","link":"https:\/\/www.kuebler-hallenheizungen.de\/hu\/kurznews\/aktuelle-strompreise\/","title":{"rendered":"Aktu\u00e1lis \u00e1ram\u00e1rak"},"content":{"rendered":"<p>A jelenlegi adatok szerint N\u00e9metorsz\u00e1gban az ipari \u00e1ram \u00e1ra a koncesszi\u00f3 n\u00e9lk\u00fcli v\u00e1llalatok sz\u00e1m\u00e1ra valamivel 18 ct\/kWh alatt van (2025 elej\u00e9n). A k\u00fcl\u00f6nleges felt\u00e9telekkel rendelkez\u0151 v\u00e1llalatok m\u00e1r most is 11,7 ct\/kWh-t\u00f3l fizetnek. Ugyanakkor a n\u00e9met korm\u00e1ny azt tervezi, hogy 2026-t\u00f3l 5 ct\/kWh k\u00f6r\u00fcli \u00e1ram\u00e1rat vezet be a k\u00fcl\u00f6n\u00f6sen energiaig\u00e9nyes ipari v\u00e1llalatok sz\u00e1m\u00e1ra.<\/p>\n<p>Az ipari villamos energia \u00e1r\u00e1nak szerkezete a CISAF eur\u00f3pai \u00e1llami t\u00e1mogat\u00e1si keretrendszeren alapul, \u00e9s t\u00f6bbek k\u00f6z\u00f6tt meghat\u00e1rozza a t\u00e1mogat\u00e1sra jogosult \u00e1gazatokat, a kompenz\u00e1lhat\u00f3 villamos energia mennyis\u00e9g\u00e9t \u00e9s az ellenszolg\u00e1ltat\u00e1s form\u00e1j\u00e1t. Ennek megfelel\u0151en a kapott t\u00e1mogat\u00e1si \u00f6sszegb\u0151l legal\u00e1bb 50 %-nek a sz\u00e9n-dioxid-mentes\u00edt\u00e9sbe kell folynia. A hat lehets\u00e9ges int\u00e9zked\u00e9s egyikek\u00e9nt az energiahat\u00e9konys\u00e1gba \u00e9s a rugalmas keresletszab\u00e1lyoz\u00e1sba t\u00f6rt\u00e9n\u0151 beruh\u00e1z\u00e1sokat is el\u0151ir\u00e1nyozz\u00e1k (forr\u00e1s: @DENEFF).<\/p>\n<p>Ez az \u00d6n sz\u00e1m\u00e1ra azt jelenti, hogy<br \/>\n- Ha csarnok\u00e1t a nagy teljes\u00edtm\u00e9ny\u0171 ELEXTRA elektromos csarnokf\u0171t\u00e9si rendszerrel \u00fczemelteti, akkor egy olyan rendszerre t\u00e1maszkodik, amely optim\u00e1lisan az \u00e1ram\u00e1rra \u00f6sszpontos\u00edt.<br \/>\n- A n\u00f6vekv\u0151 beszerz\u00e9si k\u00f6lts\u00e9gek \u00e9s az izgalmas politikai int\u00e9zked\u00e9sek miatt most \u00e9rdemes megvizsg\u00e1lni a f\u0171t\u00e9si technol\u00f3gi\u00e1t, a hat\u00e9konys\u00e1got \u00e9s az \u00fczemeltet\u00e9si k\u00f6lts\u00e9geket.<br \/>\n- M\u00e9g ha az \u00d6n ipar\u00e1g\u00e1ra (m\u00e9g) nem is vonatkozik a k\u00fcl\u00f6nleges \u00e1rszab\u00e1lyoz\u00e1s - egy modern \u00e9s nagy hat\u00e9konys\u00e1g\u00fa elektromos megold\u00e1s teljes\u00edtheti a hat\u00e9konys\u00e1gi k\u00f6vetelm\u00e9nyeket, cs\u00f6kkentheti a jelenlegi k\u00f6lts\u00e9geket \u00e9s kihaszn\u00e1lhatja a j\u00f6v\u0151beli lehet\u0151s\u00e9geket.<\/p>\n<p>\u2705 Az \u00d6n el\u0151nye a K\u00dcBLERrel:<br \/>\n- Teljesen villamos\u00edtott - fosszilis t\u00fczel\u0151anyagok n\u00e9lk\u00fcl.<br \/>\n- 100 % CO2-mentes \u00e9s GEG-konform.<br \/>\n- K\u00f6zvetlen\u00fcl szab\u00e1lyozhat\u00f3 \u00e9s hat\u00e9kony.<br \/>\n- Ide\u00e1lisan kombin\u00e1lhat\u00f3 \u00f6ntermel\u00e9ssel (pl. fotovoltaik\u00e1val) vagy terhel\u00e9skezel\u00e9ssel - a villamosenergia-k\u00f6lts\u00e9gek akt\u00edv optimaliz\u00e1l\u00e1s\u00e1val.<br \/>\nVegye fel vel\u00fcnk a kapcsolatot, hogy csarnok\u00e1nak f\u0171t\u00e9si rendszer\u00e9t alkalmass\u00e1 tegy\u00fck a j\u00f6v\u0151re. A fenntarthat\u00f3 f\u0171t\u00e9s\u00fczemeltet\u00e9s\u00e9rt csarnokaiban - hat\u00e9konyan, j\u00f6v\u0151\u00e1ll\u00f3an, elektromosan.<\/p>\n<p><a href=\"https:\/\/www.kuebler-hallenheizungen.de\/hu\/kapcsolatfelvetel\/\">Kapcsolatfelv\u00e9tel<\/a><\/p>\n<p>#Hallf\u0171t\u00e9s # Ipari elektromos f\u0171t\u00e9s #Elektrom\u00e1rak #Energiatakar\u00e9koss\u00e1g #K\u00dcBLER #ELEXTRA<\/p>","protected":false},"featured_media":49463,"template":"","class_list":["post-49460","shortnews","type-shortnews","status-publish","has-post-thumbnail","hentry"],"acf":[],"_links":{"self":[{"href":"https:\/\/www.kuebler-hallenheizungen.de\/hu\/wp-json\/wp\/v2\/shortnews\/49460","targetHints":{"allow":["GET"]}}],"collection":[{"href":"https:\/\/www.kuebler-hallenheizungen.de\/hu\/wp-json\/wp\/v2\/shortnews"}],"about":[{"href":"https:\/\/www.kuebler-hallenheizungen.de\/hu\/wp-json\/wp\/v2\/types\/shortnews"}],"wp:featuredmedia":[{"embeddable":true,"href":"https:\/\/www.kuebler-hallenheizungen.de\/hu\/wp-json\/wp\/v2\/media\/49463"}],"wp:attachment":[{"href":"https:\/\/www.kuebler-hallenheizungen.de\/hu\/wp-json\/wp\/v2\/media?parent=49460"}],"curies":[{"name":"wp","href":"https:\/\/api.w.org\/{rel}","templated":true}]}}