{"id":71595,"date":"2026-01-06T21:28:13","date_gmt":"2026-01-06T20:28:13","guid":{"rendered":"https:\/\/www.kuebler-hallenheizungen.de\/?post_type=shortnews&#038;p=71595"},"modified":"2026-01-06T21:37:35","modified_gmt":"2026-01-06T20:37:35","slug":"tarsadalmi-elkoetelezettseg-nagybetuvel-irva","status":"publish","type":"shortnews","link":"https:\/\/www.kuebler-hallenheizungen.de\/hu\/kurznews\/soziales-engagement-ganz-gross-geschrieben\/","title":{"rendered":"A t\u00e1rsadalmi elk\u00f6telezetts\u00e9g nagyon fontos!"},"content":{"rendered":"<p>Mannheim v\u00e1ros\u00e1nak janu\u00e1r 6-i \u00faj\u00e9vi fogad\u00e1s\u00e1n a CC Rosengartenben mintegy 2000 mannheimi polg\u00e1r el\u0151tt kit\u00fcntett\u00e9k az \u00f6r\u00f6kbefogad\u00f3 \u00e9s nevel\u0151sz\u00fcl\u0151k mannheimi egyes\u00fclet\u00e9t - r\u00f6viden APFEL - 20 \u00e9ves elk\u00f6telezetts\u00e9g\u00e9\u00e9rt. Az APFEL nev\u00e9ben Christine K\u00fcbler els\u0151 eln\u00f6k asszony vette \u00e1t az oklevelet @Christian Specht f\u0151polg\u00e1rmestert\u0151l. \u201e\u00d6n elk\u00f6telezetts\u00e9g\u00e9vel p\u00e9ld\u00e1t mutat a k\u00f6zszellemb\u0151l, \u00e9s jelent\u0151sen hozz\u00e1j\u00e1rul v\u00e1rosi t\u00e1rsadalmunk tov\u00e1bbi fejl\u0151d\u00e9s\u00e9hez \u00e9s a k\u00f6z\u00f6s identifik\u00e1ci\u00f3 k\u00fcl\u00f6nb\u00f6z\u0151 form\u00e1ihoz\u201c - hangzott el a laud\u00e1ci\u00f3ban.<\/p>\n<p>A t\u00e1rsadalmi elk\u00f6telezetts\u00e9g mindig is kiemelt fontoss\u00e1g\u00fa volt a K\u00dcBLER-n\u00e9l. A K\u00dcBLER munkat\u00e1rsai p\u00e9ld\u00e1ul \u00f6nk\u00e9ntes munk\u00e1t v\u00e9geznek egyes\u00fcletekben \u00e9s bizotts\u00e1gokban, \u00e9s a K\u00dcBLER kar\u00e1csonyi \u00fcnneps\u00e9get \u00e9vek \u00f3ta arra is haszn\u00e1lj\u00e1k, hogy adom\u00e1nyokat gy\u0171jtsenek egy j\u00f3 \u00fcgy \u00e9rdek\u00e9ben. Maga a v\u00e1llalat pedig sz\u00e1mos ter\u00fcleten ny\u00fajt t\u00e1mogat\u00e1st. \u201eSz\u00e1munkra term\u00e9szetes, hogy v\u00e1llalatk\u00e9nt ott j\u00e1rulunk hozz\u00e1 a k\u00f6z\u00f6ss\u00e9ghez, ahol sz\u00fcks\u00e9g van r\u00e1, \u00e9s lehet\u0151s\u00e9geinkkel \u00e9rt\u00e9ket teremt\u00fcnk\u201c - mondja @Thomas K\u00fcbler. Christine K\u00fcbler pedig hozz\u00e1teszi: \u201eNem az APFEL egyes\u00fclet volt az egyetlen, amelyet a f\u0151polg\u00e1rmester ma a mannheimi r\u00f3zsakert sz\u00ednpad\u00e1n kit\u00fcntetett. Kit\u00fcntette mindazokat az embereket, akik nap mint nap nagyszer\u0171 dolgokat tesznek m\u00e1sok\u00e9rt, \u00e9s ezzel felbecs\u00fclhetetlen\u00fcl sokat tesznek t\u00e1rsadalmunk\u00e9rt\u201d.\"<\/p>\n<p>#Mannheim #N\u00e9vb\u00facs\u00faztat\u00f3 #V\u00f6nk\u00e9ntes munka #Szoci\u00e1lis elk\u00f6telezetts\u00e9g #C\u00f6z\u00f6ss\u00e9g #CitySociety #APFEL #Pnevel\u0151csal\u00e1dok #Aopt\u00edvcsal\u00e1dok #Civilek elk\u00f6telezetts\u00e9ge #h\u00e1la #Ckoh\u00e9zi\u00f3 #K\u00dcBLER #Amegbecs\u00fcl\u00e9s #Ck\u00f6z\u00f6ss\u00e9gi \u00e9rz\u00fclet<\/p>","protected":false},"featured_media":71599,"template":"","class_list":["post-71595","shortnews","type-shortnews","status-publish","has-post-thumbnail","hentry"],"acf":[],"_links":{"self":[{"href":"https:\/\/www.kuebler-hallenheizungen.de\/hu\/wp-json\/wp\/v2\/shortnews\/71595","targetHints":{"allow":["GET"]}}],"collection":[{"href":"https:\/\/www.kuebler-hallenheizungen.de\/hu\/wp-json\/wp\/v2\/shortnews"}],"about":[{"href":"https:\/\/www.kuebler-hallenheizungen.de\/hu\/wp-json\/wp\/v2\/types\/shortnews"}],"wp:featuredmedia":[{"embeddable":true,"href":"https:\/\/www.kuebler-hallenheizungen.de\/hu\/wp-json\/wp\/v2\/media\/71599"}],"wp:attachment":[{"href":"https:\/\/www.kuebler-hallenheizungen.de\/hu\/wp-json\/wp\/v2\/media?parent=71595"}],"curies":[{"name":"wp","href":"https:\/\/api.w.org\/{rel}","templated":true}]}}