{"id":75488,"date":"2026-01-08T18:42:18","date_gmt":"2026-01-08T17:42:18","guid":{"rendered":"https:\/\/www.kuebler-hallenheizungen.de\/?post_type=shortnews&#038;p=75488"},"modified":"2026-01-08T18:44:16","modified_gmt":"2026-01-08T17:44:16","slug":"hogyan-csoekkenthetik-fenntarthato-modon-futesi-koeltsegeiket-az-ipari-vallalatok","status":"publish","type":"shortnews","link":"https:\/\/www.kuebler-hallenheizungen.de\/hu\/kurznews\/wie-betriebe-in-der-industrie-ihre-heizkosten-nachhaltig-senken-koennen\/","title":{"rendered":"Hogyan cs\u00f6kkenthetik fenntarthat\u00f3an f\u0171t\u00e9si k\u00f6lts\u00e9geiket az ipari v\u00e1llalatok?"},"content":{"rendered":"<p>Logisztika \u00e9s ipar k\u00f6lts\u00e9gnyom\u00e1s alatt: A j\u00e1rul\u00e9kos k\u00f6lts\u00e9gek szintje komoly probl\u00e9m\u00e1t jelent az ipari \u00e9s logisztikai gy\u00e1rt\u00f3csarnokokban \u00e9s rakt\u00e1rakban, \u00e9s nem csak az\u00f3ta, hogy az energia\u00e1rak az egekbe sz\u00f6ktek. Olvassa el a Handelsblattban, hogy mi\u00e9rt a csarnokok f\u0171t\u00e9se gyakran a legnagyobb k\u00f6lts\u00e9gt\u00e9nyez\u0151 - \u00e9s hogyan lehet ezt intelligensen ellens\u00falyozni.<\/p>\n<p><a href=\"https:\/\/www.handelsblatt.com\/adv\/firmen\/industrie-heizkosten-nachhaltig-senken.html\" target=\"_blank\" rel=\"noopener\">https:\/\/www.handelsblatt.com\/adv\/firmen\/industrie-heizkosten-nachhaltig-senken.html<\/a><\/p>\n<p>#Logisztika #Ipar #EEnergiak\u00f6lts\u00e9gek #AKieg\u00e9sz\u00edt\u0151 k\u00f6lts\u00e9gek #Hall f\u0171t\u00e9se #H\u0171t\u00e9si k\u00f6lts\u00e9gek #Cost optimaliz\u00e1l\u00e1s #Eenergiahat\u00e9konys\u00e1g #PTermel\u0151csarnok #Rakt\u00e1r #SFenntarthat\u00f3s\u00e1g #Iparcsarnok #Iparcsarnok<\/p>\n<p>&nbsp;<\/p>","protected":false},"featured_media":75491,"template":"","class_list":["post-75488","shortnews","type-shortnews","status-publish","has-post-thumbnail","hentry"],"acf":[],"_links":{"self":[{"href":"https:\/\/www.kuebler-hallenheizungen.de\/hu\/wp-json\/wp\/v2\/shortnews\/75488","targetHints":{"allow":["GET"]}}],"collection":[{"href":"https:\/\/www.kuebler-hallenheizungen.de\/hu\/wp-json\/wp\/v2\/shortnews"}],"about":[{"href":"https:\/\/www.kuebler-hallenheizungen.de\/hu\/wp-json\/wp\/v2\/types\/shortnews"}],"wp:featuredmedia":[{"embeddable":true,"href":"https:\/\/www.kuebler-hallenheizungen.de\/hu\/wp-json\/wp\/v2\/media\/75491"}],"wp:attachment":[{"href":"https:\/\/www.kuebler-hallenheizungen.de\/hu\/wp-json\/wp\/v2\/media?parent=75488"}],"curies":[{"name":"wp","href":"https:\/\/api.w.org\/{rel}","templated":true}]}}