{"id":76247,"date":"2026-01-11T20:56:46","date_gmt":"2026-01-11T19:56:46","guid":{"rendered":"https:\/\/www.kuebler-hallenheizungen.de\/?post_type=shortnews&#038;p=76247"},"modified":"2026-01-11T20:56:46","modified_gmt":"2026-01-11T19:56:46","slug":"a-kununu-pillanatok-2025-amit-meguennepeluenk","status":"publish","type":"shortnews","link":"https:\/\/www.kuebler-hallenheizungen.de\/hu\/kurznews\/unsere-kununu-moments-2025-das-feiern-wir\/","title":{"rendered":"A kununu pillanatok 2025 - \u00dcnnepel\u00fcnk!"},"content":{"rendered":"<p>A K\u00dcBLER-n\u00e9l az emberek tal\u00e1lkoznak az emberekkel. Ez\u00e9rt tesz\u00fcnk sokat az\u00e9rt, hogy \u00fcgyfeleinknek a lehet\u0151 legjobb csarnokf\u0171t\u00e9si rendszereket \u00e9s szolg\u00e1ltat\u00e1sokat k\u00edn\u00e1ljuk. \u00c9s ez\u00e9rt olyan fontosak sz\u00e1munkra munkat\u00e1rsaink \u00e9s a csal\u00e1dias munkahelyi l\u00e9gk\u00f6r. Ezt a csapatszellem \u00e9s a k\u00f6lcs\u00f6n\u00f6s tisztelet jellemzi. A nyitotts\u00e1g \u00e9s a m\u00e9lt\u00e1nyoss\u00e1g. \u00d6r\u00fcl\u00fcnk, hogy ez a kununuban is t\u00fckr\u00f6z\u0151dik: A pontsz\u00e1munk 2025-ben az ipar\u00e1gi \u00e1tlag f\u00f6l\u00e9 rep\u00fclt!<\/p>\n<p><iframe title=\"YouTube vide\u00f3 lej\u00e1tsz\u00f3\" src=\"https:\/\/www.youtube.com\/embed\/qw58amhiCT8\" width=\"315\" height=\"560\" frameborder=\"0\" allowfullscreen=\"allowfullscreen\"><br \/>\n<\/iframe><\/p>\n<p>#KUEBLER #Hall f\u0171t\u00e9s #Tcsapatszellem #Emunkat\u00e1rsi el\u00e9gedetts\u00e9g #Emunk\u00e1ltat\u00f3i m\u00e1rka #Csal\u00e1di v\u00e1llalkoz\u00e1s #Amegbecs\u00fcl\u00e9s #M\u00e9lt\u00e1nyoss\u00e1g #Ony\u00edlts\u00e1g #Munkahelyi l\u00e9gk\u00f6r #Kununu #TTop munk\u00e1ltat\u00f3 #Ipar #energiahat\u00e9konys\u00e1g #Szolg\u00e1ltat\u00e1s min\u0151s\u00e9ge<\/p>","protected":false},"featured_media":76251,"template":"","class_list":["post-76247","shortnews","type-shortnews","status-publish","has-post-thumbnail","hentry"],"acf":[],"_links":{"self":[{"href":"https:\/\/www.kuebler-hallenheizungen.de\/hu\/wp-json\/wp\/v2\/shortnews\/76247","targetHints":{"allow":["GET"]}}],"collection":[{"href":"https:\/\/www.kuebler-hallenheizungen.de\/hu\/wp-json\/wp\/v2\/shortnews"}],"about":[{"href":"https:\/\/www.kuebler-hallenheizungen.de\/hu\/wp-json\/wp\/v2\/types\/shortnews"}],"wp:featuredmedia":[{"embeddable":true,"href":"https:\/\/www.kuebler-hallenheizungen.de\/hu\/wp-json\/wp\/v2\/media\/76251"}],"wp:attachment":[{"href":"https:\/\/www.kuebler-hallenheizungen.de\/hu\/wp-json\/wp\/v2\/media?parent=76247"}],"curies":[{"name":"wp","href":"https:\/\/api.w.org\/{rel}","templated":true}]}}