{"id":76406,"date":"2026-01-13T20:36:11","date_gmt":"2026-01-13T19:36:11","guid":{"rendered":"https:\/\/www.kuebler-hallenheizungen.de\/?post_type=shortnews&#038;p=76406"},"modified":"2026-01-29T20:49:25","modified_gmt":"2026-01-29T19:49:25","slug":"latogasson-el-hozzank-a-hausbau-energiesparen-kiallitason-januar-16-18-koezoett","status":"publish","type":"shortnews","link":"https:\/\/www.kuebler-hallenheizungen.de\/hu\/kurznews\/besuchen-sie-uns-auf-der-hausbau-energiesparen-vom-16-bis-18-januar\/","title":{"rendered":"L\u00e1togasson el hozz\u00e1nk a HausBau + EnergieSparen ki\u00e1ll\u00edt\u00e1son janu\u00e1r 16-18. k\u00f6z\u00f6tt"},"content":{"rendered":"<p>A <b>Janu\u00e1r 16-18.<\/b> Tullnban ker\u00fcl megrendez\u00e9sre <b>H\u00e1z\u00e9p\u00edt\u00e9s + energiatakar\u00e9koss\u00e1g <\/b>ker\u00fcl sor. A rendezv\u00e9ny k\u00f6zponti tal\u00e1lkoz\u00e1si pont az \u00e9p\u00edt\u0151ipari \u00e9s \u00e1talak\u00edt\u00e1si, a lak\u00f3- \u00e9s lakberendez\u00e9si, valamint az energiatakar\u00e9koss\u00e1gi \u00e9s f\u0171t\u00e9stechnol\u00f3giai \u00e1gazatokban tev\u00e9kenyked\u0151 v\u00e1llalatok \u00e9s szakmai l\u00e1togat\u00f3k sz\u00e1m\u00e1ra, \u00e9s \u00e1tfog\u00f3 \u00e1ttekint\u00e9st ny\u00fajt az aktu\u00e1lis fejleszt\u00e9sekr\u0151l \u00e9s innov\u00e1ci\u00f3kr\u00f3l. \u00d6r\u00f6mmel megh\u00edvjuk \u00d6nt, hogy csatlakozzon hozz\u00e1nk.<\/p>\n<p>Fedezze fel az innovat\u00edv <b>Infrav\u00f6r\u00f6s csarnokf\u0171t\u00e9sek a technol\u00f3giai vezet\u0151t\u0151l<\/b> \u00e9s megtudhatja, hogyan f\u0171theti csarnok\u00e9p\u00fcleteit rendk\u00edv\u00fcl gazdas\u00e1gosan \u00e9s CO2-mentesen:<\/p>\n<p>a 3. csarnokban - 350<\/p>\n<p>A v\u00e1s\u00e1r teljes id\u0151tartama alatt osztr\u00e1k szakosodott partner\u00fcnk standj\u00e1n\u00e1l lesz\u00fcnk. <b>raymann kraft der sonne - photovoltaikanlagen gmbH<\/b> k\u00e9pviseltette mag\u00e1t. Ott szem\u00e9lyes besz\u00e9lget\u00e9sek, term\u00e9kbemutat\u00f3k, valamint az alkalmaz\u00e1sokr\u00f3l \u00e9s megold\u00e1sokr\u00f3l sz\u00f3l\u00f3 technikai p\u00e1rbesz\u00e9dek c\u00e9lj\u00e1b\u00f3l \u00e1llunk rendelkez\u00e9sre.<\/p>\n<p>Haszn\u00e1lja ki a lehet\u0151s\u00e9get, hogy k\u00f6zvetlen\u00fcl a helysz\u00ednen ismerkedjen meg a vezet\u0151 innov\u00e1ci\u00f3kkal, \u00e9s besz\u00e9lje meg vel\u00fcnk a konkr\u00e9t projekteket. El\u0151zetesen sz\u00edvesen egyeztet\u00fcnk egy\u00e9ni tal\u00e1lkoz\u00f3t is.<\/p>\n<p><b>#H\u00e1z\u00e9p\u00edt\u00e9sEnergiatakar\u00e9koss\u00e1g #Tulln #C\u00e9p\u00edt\u00e9sMegfelel\u0151 #Energiatakar\u00e9koss\u00e1g #H\u0171t\u00e9stechnika #Infraretradi\u00e1toros f\u0171t\u00e9s #Hallf\u0171t\u00e9s #CO2-mentes #Energiatakar\u00e9koss\u00e1g #Sfenntarthat\u00f3 \u00e9p\u00edt\u00e9s #Sfenntarthat\u00f3 \u00e9p\u00edt\u00e9s #Iparcsarnok #Cereskedelmi \u00e9p\u00fcletek #PVoltaika #Innovat\u00edvEnergia #EEnergiamegfordul\u00e1s #Technol\u00f3giai vezet\u0151 #Tkereskedelmi v\u00e1s\u00e1r #C\u00e9p\u00edt\u00e9szeti \u00e1talak\u00edt\u00e1s #lak\u00e1sfel\u00faj\u00edt\u00e1s #lak\u00e1sb\u00fatorzat<\/b><\/p>","protected":false},"featured_media":76409,"template":"","class_list":["post-76406","shortnews","type-shortnews","status-publish","has-post-thumbnail","hentry"],"acf":[],"_links":{"self":[{"href":"https:\/\/www.kuebler-hallenheizungen.de\/hu\/wp-json\/wp\/v2\/shortnews\/76406","targetHints":{"allow":["GET"]}}],"collection":[{"href":"https:\/\/www.kuebler-hallenheizungen.de\/hu\/wp-json\/wp\/v2\/shortnews"}],"about":[{"href":"https:\/\/www.kuebler-hallenheizungen.de\/hu\/wp-json\/wp\/v2\/types\/shortnews"}],"wp:featuredmedia":[{"embeddable":true,"href":"https:\/\/www.kuebler-hallenheizungen.de\/hu\/wp-json\/wp\/v2\/media\/76409"}],"wp:attachment":[{"href":"https:\/\/www.kuebler-hallenheizungen.de\/hu\/wp-json\/wp\/v2\/media?parent=76406"}],"curies":[{"name":"wp","href":"https:\/\/api.w.org\/{rel}","templated":true}]}}