{"id":79455,"date":"2026-01-15T21:09:06","date_gmt":"2026-01-15T20:09:06","guid":{"rendered":"https:\/\/www.kuebler-hallenheizungen.de\/?post_type=shortnews&#038;p=79455"},"modified":"2026-01-15T21:09:59","modified_gmt":"2026-01-15T20:09:59","slug":"mi-a-koezoes-a-vezeto-csarnokfutesi-rendszerekben-es-a-rangos-nemet-tga-dijban","status":"publish","type":"shortnews","link":"https:\/\/www.kuebler-hallenheizungen.de\/hu\/kurznews\/was-die-fuehrenden-hallenheizungen-mit-dem-renommierten-deutschen-tga-award-verbindet\/","title":{"rendered":"Mi k\u00f6ti \u00f6ssze a vezet\u0151 csarnokf\u0171t\u00e9si rendszereket a neves DEUTSCHE TGA AWARD-dal?"},"content":{"rendered":"<p>A v\u00e1lasz: intelligens partners\u00e9g. Az innovat\u00edv Fair.AIdH rendszerek, mint p\u00e9ld\u00e1ul a FUTURA vagy az ELEXTRA ugyanis kiv\u00e1l\u00f3 lehet\u0151s\u00e9get k\u00edn\u00e1lnak az \u00e9p\u00fcletg\u00e9p\u00e9szeti tervez\u0151knek, hogy \u00faj \u00e9p\u00edt\u00e9si vagy fel\u00faj\u00edt\u00e1si projektjeiket j\u00f6v\u0151orient\u00e1lt, gazdas\u00e1gos \u00e9s funkcion\u00e1lis m\u00f3don f\u0171ts\u00e9k.<br \/>\nEz\u00e9rt nemcsak a szaktervez\u0151 tervez\u0151knek ny\u00fajtunk t\u00e1mogat\u00e1st projektjeik minden f\u00e1zis\u00e1ban, hanem a DEUTSCHE TGA AWARD szponzorak\u00e9nt is rendelkez\u00e9sre \u00e1llunk, amely az elm\u00falt k\u00e9t \u00e9v kiemelked\u0151 \u00faj \u00e9p\u00edt\u00e9si \u00e9s fel\u00faj\u00edt\u00e1si projektjeit 2026 november\u00e9ben, a hamburgi GET NORD-on ism\u00e9t elismeri.<br \/>\nA DEUTSCHE TGA AWARD-ot k\u00e9t\u00e9vente adj\u00e1k \u00e1t, \u00e9s 2026-ban ker\u00fcl sor a 7. fordul\u00f3ra. A p\u00e1ly\u00e1zatokat 2026. m\u00e1jus 31-ig lehet beny\u00fajtani.<\/p>\n<p><a href=\"https:\/\/www.tga-praxis.de\/deutscher-tga-award\/preis\" target=\"_blank\" rel=\"noopener\">https:\/\/www.tga-praxis.de\/deutscher-tga-award\/preis<\/a><\/p>\n<p>#Hallenheizung #TGA #TGAAward #DeutscherTGAAward #FairAIdH #FUTURA #ELEXTRA #TechnischeGeb\u00e4udeausr\u00fcstung #Fachplanung #Neubau #Sanierung #EnergyEfficiency #Futuristic #Economical #IndustrialHeating #GETNORD #Hamburg #Sponsoring #InnovativeHeatingSystems #BuildingTechnology #BuildingTechnology<\/p>","protected":false},"featured_media":79460,"template":"","class_list":["post-79455","shortnews","type-shortnews","status-publish","has-post-thumbnail","hentry"],"acf":[],"_links":{"self":[{"href":"https:\/\/www.kuebler-hallenheizungen.de\/hu\/wp-json\/wp\/v2\/shortnews\/79455","targetHints":{"allow":["GET"]}}],"collection":[{"href":"https:\/\/www.kuebler-hallenheizungen.de\/hu\/wp-json\/wp\/v2\/shortnews"}],"about":[{"href":"https:\/\/www.kuebler-hallenheizungen.de\/hu\/wp-json\/wp\/v2\/types\/shortnews"}],"wp:featuredmedia":[{"embeddable":true,"href":"https:\/\/www.kuebler-hallenheizungen.de\/hu\/wp-json\/wp\/v2\/media\/79460"}],"wp:attachment":[{"href":"https:\/\/www.kuebler-hallenheizungen.de\/hu\/wp-json\/wp\/v2\/media?parent=79455"}],"curies":[{"name":"wp","href":"https:\/\/api.w.org\/{rel}","templated":true}]}}