{"id":85732,"date":"2026-01-23T16:34:59","date_gmt":"2026-01-23T15:34:59","guid":{"rendered":"https:\/\/www.kuebler-hallenheizungen.de\/?post_type=shortnews&#038;p=85732"},"modified":"2026-01-26T13:44:57","modified_gmt":"2026-01-26T12:44:57","slug":"a-kuebler-ismet-a-legjobb-vallalatnak-jaro-elismerest-kapta","status":"publish","type":"shortnews","link":"https:\/\/www.kuebler-hallenheizungen.de\/hu\/kurznews\/kuebler-erneut-als-top-company-ausgezeichnet\/","title":{"rendered":"A K\u00dcBLER ism\u00e9t Top V\u00e1llalat lett"},"content":{"rendered":"<p>Ez teszi a K\u00dcBLER-t a legjobb munkak\u00f6rnyezettel rendelkez\u0151 v\u00e1llalatok egyik\u00e9v\u00e9 Rajna-vid\u00e9k-Pfalzban.<\/p>\n<p>A K\u00dcBLER b\u00fcszke az \u00fajabb kit\u00fcntet\u00e9sre: \u201eMegint megcsin\u00e1ltuk!\u201c A ludwigshafeni sz\u00e9khely\u0171 csarnokf\u0171t\u00e9si specialista sorozatban harmadszor nyerte el a h\u0151n \u00e1h\u00edtott Top Company pecs\u00e9tet - ezt az elismer\u00e9st a kununun szerepl\u0151 c\u00e9gek mind\u00f6ssze mintegy \u00f6t sz\u00e1zal\u00e9ka kapja meg minden \u00e9vben.<\/p>\n<p>A K\u00dcBLER csal\u00e1d egy olyan csapatk\u00e9nt tekint mag\u00e1ra, amely \u00f6sszefog. \u201eEz fontos sz\u00e1munkra, \u00e9s jellemzi \u00e9rt\u00e9korient\u00e1lt munkahangulatunkat.\u201c<\/p>\n<p><a href=\"https:\/\/www.kuebler-hallenheizungen.de\/hu\/sajto\/sajtokoezlemenyek\/a-kuebler-ismet-a-legjobb-vallalatnak-jaro-elismerest-kapta\/\">B\u0151vebben<\/a><\/p>\n<p>#KUEBLER #TTopCompany #KununuTopCompany #TTopEmployer #EmployerRhinelandPalatinate #BestWorkEnvironment #TeamKuebler #KueblerFamily #Munkahelyi kl\u00edma #Valueorient\u00e1lt #Teamwork #EmployeeSatisfaction #EmployerBranding #Ludwigshafen #WeAreKuebler #WeAreKuebler<\/p>\n<p>&nbsp;<\/p>","protected":false},"featured_media":85736,"template":"","class_list":["post-85732","shortnews","type-shortnews","status-publish","has-post-thumbnail","hentry"],"acf":[],"_links":{"self":[{"href":"https:\/\/www.kuebler-hallenheizungen.de\/hu\/wp-json\/wp\/v2\/shortnews\/85732","targetHints":{"allow":["GET"]}}],"collection":[{"href":"https:\/\/www.kuebler-hallenheizungen.de\/hu\/wp-json\/wp\/v2\/shortnews"}],"about":[{"href":"https:\/\/www.kuebler-hallenheizungen.de\/hu\/wp-json\/wp\/v2\/types\/shortnews"}],"wp:featuredmedia":[{"embeddable":true,"href":"https:\/\/www.kuebler-hallenheizungen.de\/hu\/wp-json\/wp\/v2\/media\/85736"}],"wp:attachment":[{"href":"https:\/\/www.kuebler-hallenheizungen.de\/hu\/wp-json\/wp\/v2\/media?parent=85732"}],"curies":[{"name":"wp","href":"https:\/\/api.w.org\/{rel}","templated":true}]}}