{"id":85902,"date":"2026-01-25T21:22:08","date_gmt":"2026-01-25T20:22:08","guid":{"rendered":"https:\/\/www.kuebler-hallenheizungen.de\/?post_type=shortnews&#038;p=85902"},"modified":"2026-01-28T11:47:32","modified_gmt":"2026-01-28T10:47:32","slug":"hogyan-toer-uj-utakat-a-kuebler-a-fair-aidh-technologiaval","status":"publish","type":"shortnews","link":"https:\/\/www.kuebler-hallenheizungen.de\/hu\/kurznews\/wie-kuebler-mit-der-fair-aidh-technologie-neue-wege-geht\/","title":{"rendered":"A K\u00dcBLER \u00faj utakat nyit a Fair.AIdH technol\u00f3gi\u00e1val"},"content":{"rendered":"<p>Milyen k\u00fcl\u00f6nbs\u00e9gek \u00e9s megtakar\u00edt\u00e1si lehet\u0151s\u00e9gek vannak a nagy csarnokok f\u0171t\u00e9s\u00e9n\u00e9l a hagyom\u00e1nyos lak\u00e1s\u00e9p\u00edt\u00e9shez k\u00e9pest? Dr. Jens Findeisen err\u0151l a k\u00e9rd\u00e9sr\u0151l besz\u00e9lt a \u201eSzolg\u00e1ltat\u00e1sok a holnap\u00e9rt - fenntarthat\u00f3 megval\u00f3s\u00edt\u00e1s\u201c c\u00edm\u0171 t\u00e1j\u00e9koztat\u00f3 rendezv\u00e9nyen a Rajna-vid\u00e9k-Pfalz \u00e9ghajlatv\u00e9delmi, k\u00f6rnyezetv\u00e9delmi, energia\u00fcgyi \u00e9s mobilit\u00e1si miniszt\u00e9rium\u00e1ban (MKUEM) Mainzban.<\/p>\n<p>A ludwigshafeni K\u00dcBLER GmbH Energiesparende Hallenheizungen fejleszt\u00e9si vezet\u0151jek\u00e9nt Dr. Findeisen a K\u00dcBLER GmbH innov\u00e1ci\u00f3t lehet\u0151v\u00e9 tev\u0151 konkr\u00e9t innov\u00e1ci\u00f3s tev\u00e9kenys\u00e9geit \u00e9s bels\u0151 strukt\u00far\u00e1it is kiemelte, \u00e9s bemutatta, hogy a K\u00dcBLER GmbH hogyan t\u00f6r \u00faj utakat leg\u00fajabb innov\u00e1ci\u00f3j\u00e1val, a Fair.AIdH FUTURA csarnokf\u0171t\u00e9si rendszerrel.<\/p>\n<p>Michael Hauer \u00e1llamtitk\u00e1r (MKUEM) \u00e9s Dr. Martin Hummrich, Rajna-vid\u00e9k-Pfalz gazdas\u00e1gi miniszt\u00e9rium\u00e1nak k\u00e9pvisel\u0151je \u00fcdv\u00f6zl\u0151 szavai ut\u00e1n az IMI projekt vezet\u0151i - Prof. Dr. Rainer V\u00f6lker, Philipp Tachkov projektvezet\u0151 \u00e9s Eileen Basler, a projekt munkat\u00e1rsa - bemutatt\u00e1k a kutat\u00e1si projekt legfontosabb eredm\u00e9nyeit. A k\u00f6z\u00e9ppontban a szabadon hozz\u00e1f\u00e9rhet\u0151 inform\u00e1ci\u00f3s platform \u00e1ll. <a href=\"https:\/\/nachhaltiges-innovationsmanagement.de\/\" target=\"_blank\" rel=\"noopener\">https:\/\/nachhaltiges-innovationsmanagement.de\/<\/a>, amely k\u00fcl\u00f6n\u00f6sen a k\u00f6z\u00e9pv\u00e1llalkoz\u00e1soknak sz\u00f3l.<br \/>\nA z\u00e1r\u00f3 rendezv\u00e9ny arra a k\u00e9rd\u00e9sre \u00f6sszpontos\u00edtott, hogy a v\u00e1llalatok - els\u0151sorban a kkv-k - hogyan tudj\u00e1k a fenntarthat\u00f3s\u00e1got szisztematikusan integr\u00e1lni innov\u00e1ci\u00f3s tev\u00e9kenys\u00e9g\u00fckbe, hogy j\u00f6v\u0151\u00e1ll\u00f3 term\u00e9keket, folyamatokat \u00e9s \u00fczleti modelleket fejlesszenek ki.<br \/>\nSzeretne t\u00f6bbet megtudni a K\u00dcBLER innov\u00e1ci\u00f3s tev\u00e9kenys\u00e9g\u00e9r\u0151l?<\/p>\n<p><a href=\"https:\/\/www.nachhaltiges-innovationsmanagement.de\/fallbeispiele\/strategische-vorausschau-kuebler\/\" target=\"_blank\" rel=\"noopener\">https:\/\/www.nachhaltiges-innovationsmanagement.de\/fallbeispiele\/strategische-vorausschau-kuebler\/<\/a><\/p>\n<p>#Hall f\u0171t\u00e9s #Energiahat\u00e9konys\u00e1g #Sfenntarthat\u00f3s\u00e1g #Innov\u00e1ci\u00f3menedzsment #Mk\u00f6zepes m\u00e9ret\u0171 v\u00e1llalatok #Iparcsarnokok #CO2-megtakar\u00edt\u00e1s #Energiav\u00e1lt\u00e1s #Cl\u00edmav\u00e9delem #Cl\u00edmav\u00e9delem #J\u00f6v\u0151Technol\u00f3gia #Kutat\u00e1s\u00e9sInnov\u00e1ci\u00f3 #FairAIdH #FUTURA #Kuebler #Ipar4_0 #Energiatakar\u00e9koss\u00e1g #RinelandPalatinate #Sfenntarthat\u00f3ipar #GreenTech<\/p>\n<p>&nbsp;<\/p>","protected":false},"featured_media":85907,"template":"","class_list":["post-85902","shortnews","type-shortnews","status-publish","has-post-thumbnail","hentry"],"acf":[],"_links":{"self":[{"href":"https:\/\/www.kuebler-hallenheizungen.de\/hu\/wp-json\/wp\/v2\/shortnews\/85902","targetHints":{"allow":["GET"]}}],"collection":[{"href":"https:\/\/www.kuebler-hallenheizungen.de\/hu\/wp-json\/wp\/v2\/shortnews"}],"about":[{"href":"https:\/\/www.kuebler-hallenheizungen.de\/hu\/wp-json\/wp\/v2\/types\/shortnews"}],"wp:featuredmedia":[{"embeddable":true,"href":"https:\/\/www.kuebler-hallenheizungen.de\/hu\/wp-json\/wp\/v2\/media\/85907"}],"wp:attachment":[{"href":"https:\/\/www.kuebler-hallenheizungen.de\/hu\/wp-json\/wp\/v2\/media?parent=85902"}],"curies":[{"name":"wp","href":"https:\/\/api.w.org\/{rel}","templated":true}]}}