{"id":86690,"date":"2026-01-28T12:35:31","date_gmt":"2026-01-28T11:35:31","guid":{"rendered":"https:\/\/www.kuebler-hallenheizungen.de\/?post_type=shortnews&#038;p=86690"},"modified":"2026-01-28T12:35:31","modified_gmt":"2026-01-28T11:35:31","slug":"gyakorlati-jelentes-logisztika","status":"publish","type":"shortnews","link":"https:\/\/www.kuebler-hallenheizungen.de\/hu\/kurznews\/praxisreport-logistik\/","title":{"rendered":"Logisztikai gyakorlati jelent\u00e9s"},"content":{"rendered":"<p>DGNB Gold, energiaf\u00fcggetlen csarnokf\u0171t\u00e9s, a KfW40-n\u00e9l jobb f\u0171t\u00e9si technol\u00f3gia, saj\u00e1t PV-\u00e1ramr\u00f3l val\u00f3 \u00fczemeltet\u00e9s \u00e9s j\u00f6v\u0151biztos technol\u00f3gia - a GROUP7 a \u201eSchwaig 2\u201c logisztikai k\u00f6zponttal megmutatja, hogyan m\u0171k\u00f6dik ma a fenntarthat\u00f3 logisztika. \ud83c\udf31\ud83d\ude80<\/p>\n<p>A GROUP7 az \u00faj \u201eSchwaig 2\u201c logisztikai k\u00f6zpontj\u00e1val a fenntarthat\u00f3 pr\u00e9mium logisztika ter\u00e9n \u00e1ll\u00edt fel \u00faj m\u00e9rc\u00e9t:<br \/>\n\u2714\ufe0f DGNB arany min\u0151s\u00edt\u00e9s<br \/>\n\u2714\ufe0f T\u00f6bb mint 60 000 m\u00b2 logisztikai ter\u00fclet<br \/>\n\u2714\ufe0f Energiarugalmas csarnokf\u0171t\u00e9s a FUTURA Fair.AIdH technol\u00f3gi\u00e1val<br \/>\n\u2714\ufe0f M\u0171k\u00f6d\u00e9s f\u0151k\u00e9nt saj\u00e1t PV energi\u00e1val<br \/>\nAz innovat\u00edv FUTURA infrav\u00f6r\u00f6s f\u0171t\u00e9si technol\u00f3gia a hat\u00e9konys\u00e1got, a k\u00e9nyelmet \u00e9s a j\u00f6v\u0151be vetetts\u00e9get intelligens z\u00f3navez\u00e9rl\u00e9ssel \u00e9s energetikai rugalmass\u00e1ggal \u00f6tv\u00f6zi. \u00c9s rendk\u00edv\u00fcl hat\u00e9konyan \u00e9s m\u00e9retezhet\u0151en CO2-mentesen f\u0171ti a nagy logisztikai csarnokot!<br \/>\n\u201eOlyan csarnokf\u0171t\u00e9si rendszert akartunk, amely a j\u00f6v\u0151be tekint\u201c - mondja Daniel Jocher, a GROUP7 AG munkat\u00e1rsa.<br \/>\nEr\u0151s p\u00e9lda arra, hogyan lehet ma fenntarthat\u00f3 logisztikai ingatlanokat tervezni \u00e9s megval\u00f3s\u00edtani \u00fatt\u00f6r\u0151 f\u0171t\u00e9si technol\u00f3gi\u00e1val.<\/p>\n<p><strong>Olvassa el a teljes esettanulm\u00e1nyt:<\/strong><br \/>\n<a href=\"https:\/\/www.kuebler-hallenheizungen.de\/hu\/referenciak\/olyan-csarnokfutesi-rendszert-akarunk-amely-a-joevobe-tekint\/\">https:\/\/www.kuebler-hallenheizungen.de\/referenzen\/wir-wollen-eine-hallenheizung-die-in-die-zukunft-blickt\/<\/a><\/p>\n<p>#DGNBGold #SFenntarthat\u00f3Logisztika #EnergyFlexibilisHallf\u0171t\u00e9s #FUTURAFairAIdH #Hallf\u0171t\u00e9s #Logisztikai K\u00f6zpont #PVElektrom #CO2-mentes #FutureProofTechnology #GreenLogistics #GreenLogistics<\/p>","protected":false},"featured_media":86693,"template":"","class_list":["post-86690","shortnews","type-shortnews","status-publish","has-post-thumbnail","hentry"],"acf":[],"_links":{"self":[{"href":"https:\/\/www.kuebler-hallenheizungen.de\/hu\/wp-json\/wp\/v2\/shortnews\/86690","targetHints":{"allow":["GET"]}}],"collection":[{"href":"https:\/\/www.kuebler-hallenheizungen.de\/hu\/wp-json\/wp\/v2\/shortnews"}],"about":[{"href":"https:\/\/www.kuebler-hallenheizungen.de\/hu\/wp-json\/wp\/v2\/types\/shortnews"}],"wp:featuredmedia":[{"embeddable":true,"href":"https:\/\/www.kuebler-hallenheizungen.de\/hu\/wp-json\/wp\/v2\/media\/86693"}],"wp:attachment":[{"href":"https:\/\/www.kuebler-hallenheizungen.de\/hu\/wp-json\/wp\/v2\/media?parent=86690"}],"curies":[{"name":"wp","href":"https:\/\/api.w.org\/{rel}","templated":true}]}}