{"id":91483,"date":"2026-01-29T20:48:28","date_gmt":"2026-01-29T19:48:28","guid":{"rendered":"https:\/\/www.kuebler-hallenheizungen.de\/?post_type=shortnews&#038;p=91483"},"modified":"2026-01-29T20:49:07","modified_gmt":"2026-01-29T19:49:07","slug":"miert-tamaszkodik-a-kuebler-az-infravoeroes-soetetsugarzo-technologiara","status":"publish","type":"shortnews","link":"https:\/\/www.kuebler-hallenheizungen.de\/hu\/kurznews\/warum-setzt-kuebler-auf-die-infrarot-dunkelstrahler-technik\/","title":{"rendered":"Mi\u00e9rt t\u00e1maszkodik a K\u00dcBLER az infrav\u00f6r\u00f6s s\u00f6t\u00e9tsug\u00e1rz\u00f3 technol\u00f3gi\u00e1ra?"},"content":{"rendered":"<p>A K\u00dcBLER 1989 \u00f3ta k\u00f6vet egy k\u00fcldet\u00e9st: szeretn\u00e9nk az energia\u00e1t\u00e1ll\u00e1st a lehet\u0151 leggazdas\u00e1gosabb\u00e1 \u00e9s legegyszer\u0171bb\u00e9 tenni \u00fcgyfeleink sz\u00e1m\u00e1ra. Ennek sor\u00e1n egy\u00e9rtelm\u0171en az infrav\u00f6r\u00f6s technol\u00f3gi\u00e1ra \u00f6sszpontos\u00edtunk. Hiszen a nap term\u00e9szetes h\u0151sug\u00e1rz\u00e1sa mindig is a legmeggy\u0151z\u0151bb el\u0151ny\u00f6ket k\u00edn\u00e1lta a csarnokf\u0171t\u00e9si rendszerek k\u00f6z\u00f6tt: A s\u00f6t\u00e9tsug\u00e1rz\u00f3 f\u0171t\u0151berendez\u00e9sek hat\u00e9konyan m\u0171k\u00f6dnek, k\u00f6nnyen kezelhet\u0151k \u00e9s nagyon kellemes, huzatmentes h\u0151t termelnek. R\u00e1ad\u00e1sul a decentraliz\u00e1lt rendszerek ig\u00e9ny szerint szab\u00e1lyozhat\u00f3k - a csarnok minden egyes f\u0171t\u00e9si z\u00f3n\u00e1j\u00e1ra. Ez szint\u00e9n energi\u00e1t takar\u00edt meg, cs\u00f6kkenti a k\u00f6lts\u00e9geket \u00e9s a CO\u2082-kibocs\u00e1t\u00e1st. V\u00e9lem\u00e9ny\u00fcnk szerint a legjobb f\u0171t\u00e9si technol\u00f3gia minden csarnok sz\u00e1m\u00e1ra. J\u00f6v\u0151biztos, technikailag meggy\u0151z\u0151 \u00e9s jogszab\u00e1lyoknak megfelel\u0151.<\/p>\n<p>&nbsp;<\/p>\n<p>#Energetikai \u00e1tmenet #Infraretradi\u00e1tor #S\u00f6t\u00e9t radi\u00e1torok #Tet\u0151f\u0171t\u00e9s #Energiatakar\u00e9koss\u00e1g #CO2-cs\u00f6kkent\u00e9s #J\u00f6v\u0151\u00e1ll\u00f3 technol\u00f3gia #J\u00f6v\u0151biztos technol\u00f3gia<\/p>","protected":false},"featured_media":91486,"template":"","class_list":["post-91483","shortnews","type-shortnews","status-publish","has-post-thumbnail","hentry"],"acf":[],"_links":{"self":[{"href":"https:\/\/www.kuebler-hallenheizungen.de\/hu\/wp-json\/wp\/v2\/shortnews\/91483","targetHints":{"allow":["GET"]}}],"collection":[{"href":"https:\/\/www.kuebler-hallenheizungen.de\/hu\/wp-json\/wp\/v2\/shortnews"}],"about":[{"href":"https:\/\/www.kuebler-hallenheizungen.de\/hu\/wp-json\/wp\/v2\/types\/shortnews"}],"wp:featuredmedia":[{"embeddable":true,"href":"https:\/\/www.kuebler-hallenheizungen.de\/hu\/wp-json\/wp\/v2\/media\/91486"}],"wp:attachment":[{"href":"https:\/\/www.kuebler-hallenheizungen.de\/hu\/wp-json\/wp\/v2\/media?parent=91483"}],"curies":[{"name":"wp","href":"https:\/\/api.w.org\/{rel}","templated":true}]}}