{"id":18707,"date":"2025-12-17T08:00:54","date_gmt":"2025-12-17T07:00:54","guid":{"rendered":"https:\/\/kuebler.werbe-sofa.de\/wie-sie-ihre-hallenheizung-in-der-weihnachtpause-regeln-und-wie-sie-damit-steigenden-energiepreisen-clever-begegnen\/"},"modified":"2025-12-17T08:54:13","modified_gmt":"2025-12-17T07:54:13","slug":"slik-regulerer-du-oppvarmingen-av-hallen-i-juleferien-og-slik-motvirker-du-pa-en-smart-mate-stigende-energipriser","status":"publish","type":"post","link":"https:\/\/www.kuebler-hallenheizungen.de\/nb\/wie-sie-ihre-hallenheizung-in-der-weihnachtpause-regeln-und-wie-sie-damit-steigenden-energiepreisen-clever-begegnen\/","title":{"rendered":"Slik regulerer du oppvarmingen i hallen i juleferien - og motvirker stigende energipriser p\u00e5 en smart m\u00e5te"},"content":{"rendered":"<div>Mens industriens str\u00f8mpriser skal senkes gjennom subsidietiltak, forventes det en betydelig \u00f8kning i gassprisene i 2026. Dette skyldes f\u00f8rst og fremst \u00f8kende nettomakser og en ustabil forsyningssituasjon p\u00e5 grunn av geopolitiske risikoer. <\/div>\n<p>&nbsp;<\/p>\n<div>Derfor er det desto viktigere \u00e5 spare energi. Her er tre viktige eksperttips til deg:<\/div>\n<ol>\n<li>Ta en n\u00e6rmere titt p\u00e5 driftstidene til hallvarmesystemene, og sjekk om skiftetidene fortsatt er synkronisert med oppvarmingstidene. Hver time med oppvarming som du kan spare under normal drift, er virkelig verdt det med tanke p\u00e5 de h\u00f8ye prisene.<\/li>\n<li>Avklar feriedrift i h\u00f8ytiden i god tid, og bruk innstillingen \"Feriedrift\" p\u00e5 styreenheten din. Du kan regulere varmesystemet ned til 8 \u00b0C i juleferien, forutsatt at rammebetingelsene dine tillater det. Denne temperaturen er tilstrekkelig for \u00e5 sikre at bygningen ikke kj\u00f8les helt ned, og at driftstemperaturen raskt kan n\u00e5s igjen ved behov. Du kan gj\u00f8re innstillingene for julen og de andre h\u00f8ytidene allerede n\u00e5.<\/li>\n<li>Sl\u00e5 tilbake til normal drift i helgen f\u00f8r du starter arbeidet. Systemet vil kj\u00f8re med senkningstemperaturen i henhold til innstillingene dine og gjenoppta normal drift p\u00e5 mandag.<\/li>\n<\/ol>\n<p>&nbsp;<\/p>\n<div>Avhengig av st\u00f8rrelsen p\u00e5 anlegget ditt vil du kunne spare flere tusen euro ved \u00e5 redusere temperaturen. En sum som du absolutt kan budsjettere med i det kommende regnskaps\u00e5ret. Kanskje til og med for \u00e5 feire med de ansatte og sk\u00e5le for det nye \u00e5ret?<\/div>\n<p>&nbsp;<\/p>\n<div>Hvis du trenger hjelp med innstillingene og har sp\u00f8rsm\u00e5l, hjelper vi deg gjerne. Og hvis du vil vite mer om temperatursenking og mulighetene med moderne varmestyring, er det bare \u00e5 kontakte oss. <a href=\"https:\/\/www.kuebler-hallenheizungen.de\/de\/kontakt\/\">Kontakt oss<\/a> med oss.<\/div>\n<div><\/div>\n<h3 style=\"text-align: center;\">\u2606 Vi \u00f8nsker deg en velsignet juleh\u00f8ytid og et godt og vellykket 2026! \u2606<\/h3>","protected":false},"excerpt":{"rendered":"<p>Julen n\u00e6rmer seg nok en gang overraskende raskt - og dessverre er det en og annen utfordring i horisonten. Fra 3G og 2G pluss til de neste \u00f8kningene i energiprisene. Gratulerer hvis du allerede har byttet til et \u00f8konomisk oppvarmingssystem fra K\u00dcBLER. Det er en veldig god beslutning p\u00e5 mange m\u00e5ter.<\/p>","protected":false},"author":3,"featured_media":16916,"comment_status":"closed","ping_status":"closed","sticky":false,"template":"","format":"standard","meta":{"_acf_changed":false,"_seopress_robots_primary_cat":"none","_seopress_titles_title":"Ihre Hallenheizung in der Weihnachtpause regeln l K\u00dcBLER","_seopress_titles_desc":"Optimieren Sie Ihre Hallenheizung w\u00e4hrend der Weihnachtspause und senken Sie clever Ihre Energiekosten. Erfahren Sie jetzt, wie es geht!","_seopress_robots_index":"","footnotes":""},"categories":[1],"tags":[281,220,307,308,88,309],"class_list":["post-18707","post","type-post","status-publish","format-standard","has-post-thumbnail","hentry","category-allgemein","tag-hallenbeheizung","tag-hallenheizungen","tag-heizbetrieb","tag-heizung-fuer-hallen","tag-heizungsregelung","tag-urlaubsregelung"],"acf":[],"_links":{"self":[{"href":"https:\/\/www.kuebler-hallenheizungen.de\/nb\/wp-json\/wp\/v2\/posts\/18707","targetHints":{"allow":["GET"]}}],"collection":[{"href":"https:\/\/www.kuebler-hallenheizungen.de\/nb\/wp-json\/wp\/v2\/posts"}],"about":[{"href":"https:\/\/www.kuebler-hallenheizungen.de\/nb\/wp-json\/wp\/v2\/types\/post"}],"author":[{"embeddable":true,"href":"https:\/\/www.kuebler-hallenheizungen.de\/nb\/wp-json\/wp\/v2\/users\/3"}],"replies":[{"embeddable":true,"href":"https:\/\/www.kuebler-hallenheizungen.de\/nb\/wp-json\/wp\/v2\/comments?post=18707"}],"version-history":[{"count":0,"href":"https:\/\/www.kuebler-hallenheizungen.de\/nb\/wp-json\/wp\/v2\/posts\/18707\/revisions"}],"wp:featuredmedia":[{"embeddable":true,"href":"https:\/\/www.kuebler-hallenheizungen.de\/nb\/wp-json\/wp\/v2\/media\/16916"}],"wp:attachment":[{"href":"https:\/\/www.kuebler-hallenheizungen.de\/nb\/wp-json\/wp\/v2\/media?parent=18707"}],"wp:term":[{"taxonomy":"category","embeddable":true,"href":"https:\/\/www.kuebler-hallenheizungen.de\/nb\/wp-json\/wp\/v2\/categories?post=18707"},{"taxonomy":"post_tag","embeddable":true,"href":"https:\/\/www.kuebler-hallenheizungen.de\/nb\/wp-json\/wp\/v2\/tags?post=18707"}],"curies":[{"name":"wp","href":"https:\/\/api.w.org\/{rel}","templated":true}]}}