{"id":19325,"date":"2023-12-04T08:41:48","date_gmt":"2023-12-04T07:41:48","guid":{"rendered":"https:\/\/kuebler.werbe-sofa.de\/presse\/pressemitteilungen\/hoher-besuch-bei-kuebler-die-wirtschaftsministerin-daniela-schmitt-beim-hidden-champion\/"},"modified":"2024-10-31T09:54:41","modified_gmt":"2024-10-31T08:54:41","slug":"hoyt-profilert-besok-til-kuebler-okonomiminister-daniela-schmitt-hos-den-skjulte-mesteren","status":"publish","type":"pressemitteilungen","link":"https:\/\/www.kuebler-hallenheizungen.de\/nb\/presse\/pressemitteilungen\/hoher-besuch-bei-kuebler-die-wirtschaftsministerin-daniela-schmitt-beim-hidden-champion\/","title":{"rendered":"Bes\u00f8k av h\u00f8ytst\u00e5ende personer hos K\u00dcBLER - \u00f8konomiminister Daniela Schmitt hos Hidden Champion"},"content":{"rendered":"<p>Das GEG ist verabschiedet. Die F\u00f6rderrichtlinien liegen fest. Aber treten sie wirklich in Kraft? Die j\u00fcngste Entscheidung des Bundesverfassungsgerichts hat ein gro\u00dfes Fragezeichen \u00fcber den Ampel-Projekten hinterlassen. Das Geb\u00e4udesegment Hallen mit heiztechnischen Anforderungen, die sich komplett von Geschossbauten unterscheiden, ist aus Sicht von Thomas K\u00fcbler noch immer nicht ad\u00e4quat bei den politischen Entscheidungstr\u00e4gern in Berlin angekommen. Das ist ein wichtiges Thema, \u00fcber das sich Wirtschaftsministerin Daniela Schmitt und Thomas K\u00fcbler beim Unternehmensbesuch austauschen.<\/p>\n<p>Die nationale Gesetzgebung und die aktuelle Haushaltskrise sind wichtige Punkte auf der Agenda, aber bei weitem nicht die einzigen. Bei dem Hallenheizungsspezialisten geht der Blick l\u00e4ngst weiter. Wie kann die Energiewende in Deutschland erfolgreich werden? Wie kann man gemeinsam die Wasserstoffstrategie in Rheinland-Pfalz umsetzen und was muss die kommunale W\u00e4rmeplanung leisten? K\u00fcbler ist der \u00dcberzeugung, dass es ohne die Zusammenarbeit der Politik insbesondere mit der mittelst\u00e4ndischen Wirtschaft nicht geht. Viel zu lange seien deren Stimmen \u00fcberh\u00f6rt worden.<\/p>\n<p>Seit gut einem Jahr engagiert sich der Unternehmer f\u00fcr den Wissenstransfer in die Politik.<\/p>\n<h4>\u201eEs ist nicht trivial, zukunftsweisende Gesetze f\u00fcr ein ganzes Land zu machen\u201c, so K\u00fcbler. \u201eDa ist es wichtig, dass Expertenwissen auch Ber\u00fccksichtigung findet.\u201c<\/h4>\n<p>Die Wirtschaftsministerin kann diesen Punkt nur unterst\u00fctzen. Rheinland-Pfalz setzt als starker Wirtschaftsstandort seit langem auf Dialog. Mit der unter Leitung von Sabine Mesletzky gerade an den Start gegangen Innovationsagentur sollen den Unternehmen noch bessere Rahmenbedingungen und Netzwerkm\u00f6glichkeiten in der Innovationsf\u00f6rderung geboten werden:<\/p>\n<h4>\u201eWenn wir Wirtschaft, Wissenschaft und Politik zusammenbringen, steckt darin ein Wahnsinns-Potenzial. Was bisher oft dem Zufall \u00fcberlassen wurde, wollen wir zum System machen. Rheinland-Pfalz soll ein Spitzenstandort f\u00fcr Innovation werden. Mit der Innovationsagentur und unseren Unternehmen als Leuchtt\u00fcrme.\u201c<\/h4>\n<p>K\u00fcbler wei\u00df, wovon er redet. Seit bald 35 Jahren entwickelt sein Unternehmen hocheffiziente Infrarottechnologien f\u00fcr die Energiewende. Hier kennt er sich aus wie kaum ein anderer. Daher auch die j\u00fcngste Entwicklung, die von Wirtschaftsministerin Daniela Schmitt ausgezeichnete Multi-Energie-IR-Heizung FUTURA. Sie transformiert die gro\u00dfen Vorteile des Infrarotheizungsprinzips in Hallengeb\u00e4uden hocheffizient in die CO\u2082-freie Zeit.<\/p>\n<p>Die Innovation kann je nach Verf\u00fcgbarkeit Erneuerbare Energien wie gr\u00fcnen Strom, blauen bzw. gr\u00fcnen Wasserstoff genauso gut verarbeiten wie biogene Gase. Dass das System nach wie vor auch mit Methan betrieben werden kann, ist der noch unsicheren Verf\u00fcgbarkeit und der naturgem\u00e4\u00dfen Volatilit\u00e4t der Erneuerbaren geschuldet, so K\u00fcbler. Denn:<\/p>\n<h4>\u201eIn Industrie und Gewerbe steht Produktionssicherheit ganz oben auf der Anforderungsliste \u2013 ebenso wie ein kosteneffizienter, wirtschaftlicher Betrieb.\u201c Eine Anforderung, die auch die Politik ber\u00fccksichtigen sollte.<\/h4>\n<p>Am Abend zieht K\u00fcbler ein positives Fazit aus dem Gespr\u00e4ch. \u201eInnovationen k\u00f6nnen nur erfolgreich sein, wenn die Rahmenbedingungen stimmen. Wir sind sehr dankbar, dass die Ministerin uns hier unterst\u00fctzt.\u201c Zudem freue er sich auf den Austausch mit der Innovationsagentur und den Potenzialen, die sich gemeinsam f\u00fcr das Land erschlie\u00dfen lassen. Und die Wirtschaftsministerin?<\/p>\n<h4>\u201eEs ist ein spannendes und in der Tat ein gro\u00dfes Handlungsfeld, wenn wir an Industrie- bzw. produzierende Unternehmen denken: Wie bekommt man solche Hallen geheizt? Und das in einer Zeit, wo wir auch sparsam mit Energien umgehen wollen und umgehen m\u00fcssen? Wo Energie auch eine Frage der Wirtschaftlichkeit f\u00fcr ein Unternehmen ist? Da ist es nat\u00fcrlich ganz entscheidend, effizient vorzugehen und deswegen sehr, sehr spannend, was hier geforscht wird und wie man an Innovationen hier auch f\u00fcr die Zukunft weiterarbeitet.\u201c<\/h4>\n<p><strong>Vi ser frem til publiseringen!<\/strong><\/p>\n<p><a href=\"https:\/\/www.kuebler-hallenheizungen.de\/wp-content\/uploads\/2023\/12\/MI_Firmenbesuch_WM_RLP_Daniela_Schmitt-1.docx\">https:\/\/www.kuebler-hallenheizungen.de\/wp-content\/uploads\/2023\/12\/MI_Firmenbesuch_WM_RLP_Daniela_Schmitt-1.docx<\/a><\/p>","protected":false},"featured_media":18272,"template":"","categories":[1],"class_list":["post-19325","pressemitteilungen","type-pressemitteilungen","status-publish","has-post-thumbnail","hentry","category-allgemein"],"acf":[],"_links":{"self":[{"href":"https:\/\/www.kuebler-hallenheizungen.de\/nb\/wp-json\/wp\/v2\/pressemitteilungen\/19325","targetHints":{"allow":["GET"]}}],"collection":[{"href":"https:\/\/www.kuebler-hallenheizungen.de\/nb\/wp-json\/wp\/v2\/pressemitteilungen"}],"about":[{"href":"https:\/\/www.kuebler-hallenheizungen.de\/nb\/wp-json\/wp\/v2\/types\/pressemitteilungen"}],"wp:featuredmedia":[{"embeddable":true,"href":"https:\/\/www.kuebler-hallenheizungen.de\/nb\/wp-json\/wp\/v2\/media\/18272"}],"wp:attachment":[{"href":"https:\/\/www.kuebler-hallenheizungen.de\/nb\/wp-json\/wp\/v2\/media?parent=19325"}],"wp:term":[{"taxonomy":"category","embeddable":true,"href":"https:\/\/www.kuebler-hallenheizungen.de\/nb\/wp-json\/wp\/v2\/categories?post=19325"}],"curies":[{"name":"wp","href":"https:\/\/api.w.org\/{rel}","templated":true}]}}