{"id":157597,"date":"2026-04-26T18:54:55","date_gmt":"2026-04-26T16:54:55","guid":{"rendered":"https:\/\/www.kuebler-hallenheizungen.de\/?post_type=shortnews&#038;p=157597"},"modified":"2026-04-26T19:03:30","modified_gmt":"2026-04-26T17:03:30","slug":"sondagstanker-26-04-2026","status":"publish","type":"shortnews","link":"https:\/\/www.kuebler-hallenheizungen.de\/nb\/kurznews\/sonntagsgedanken-26-04-2026\/","title":{"rendered":"S\u00f8ndagstanker"},"content":{"rendered":"<p>Det er s\u00f8ndag. Den ideelle dagen for \u00e5 stoppe opp et \u00f8yeblikk - og se fremover mot morgendagen.<br \/>Senest i 2045 skal Tyskland ha kliman\u00f8ytral oppvarming. Selv i produksjonshaller og lagerbygninger.<\/p>\r\n\r\n\r\n\r\n<p>De gode nyhetene: <strong>Teknologien for dette finnes allerede i dag.<\/strong><br \/>De energifleksible infrar\u00f8de hallvarmesystemene fra K\u00dcBLER er allerede 50 til 70 prosent mer effektive enn konvensjonelle systemer. FUTURA veksler s\u00f8ml\u00f8st mellom str\u00f8m, biogass, hydrogen, naturgass eller metan - alltid den energikilden som er tilgjengelig i det daglige og som er billigst.<\/p>\r\n\r\n\r\n\r\n<p><strong>Mindre energi. Mindre CO\u2082. Mindre kostnader.<\/strong><\/p>\r\n\r\n\r\n\r\n\r\n\r\n<p>Og uten kompromisser - ikke engang i arbeidsomr\u00e5det i hallen din.<br \/>Fordi solens naturlige varmestr\u00e5ling varmer akkurat der medarbeiderne dine trenger det: under, p\u00e5 gulvet i hallen. Ikke under taket i hallen.<\/p>\r\n\r\n\r\n\r\n<p>Den som planlegger i dag, bestemmer morgendagens energikostnader<br \/>og hvor konkurransedyktig salen hans fortsatt vil v\u00e6re i 2045.<\/p>\r\n\r\n\r\n\r\n<p>K\u00dcBLER \u00f8nsker deg en avslappende s\u00f8ndag.<\/p>\r\n\r\n\r\n\r\n<p>#Sundaythought #energiturnaround #Hallheating #Infrar\u00f8d oppvarming #FUTURA #Decarbonisation #ClimateNeutral2045 #Energyefficiency #CO2reduction #Competitiveadvantage #Competitiveadvantage<\/p>","protected":false},"featured_media":157601,"template":"","class_list":["post-157597","shortnews","type-shortnews","status-publish","has-post-thumbnail","hentry"],"acf":[],"_links":{"self":[{"href":"https:\/\/www.kuebler-hallenheizungen.de\/nb\/wp-json\/wp\/v2\/shortnews\/157597","targetHints":{"allow":["GET"]}}],"collection":[{"href":"https:\/\/www.kuebler-hallenheizungen.de\/nb\/wp-json\/wp\/v2\/shortnews"}],"about":[{"href":"https:\/\/www.kuebler-hallenheizungen.de\/nb\/wp-json\/wp\/v2\/types\/shortnews"}],"wp:featuredmedia":[{"embeddable":true,"href":"https:\/\/www.kuebler-hallenheizungen.de\/nb\/wp-json\/wp\/v2\/media\/157601"}],"wp:attachment":[{"href":"https:\/\/www.kuebler-hallenheizungen.de\/nb\/wp-json\/wp\/v2\/media?parent=157597"}],"curies":[{"name":"wp","href":"https:\/\/api.w.org\/{rel}","templated":true}]}}