{"id":157790,"date":"2026-04-28T22:10:55","date_gmt":"2026-04-28T20:10:55","guid":{"rendered":"https:\/\/www.kuebler-hallenheizungen.de\/kurznews\/waermewende-2030-weichen-stellen\/"},"modified":"2026-04-28T22:18:29","modified_gmt":"2026-04-28T20:18:29","slug":"baner-vei-for-snuoperasjonen-i-2030","status":"publish","type":"shortnews","link":"https:\/\/www.kuebler-hallenheizungen.de\/nb\/kurznews\/waermewende-2030-weichen-stellen\/","title":{"rendered":"Hvordan selskaper setter riktig kurs i dag"},"content":{"rendered":"<p>Varmeomstillingen er ikke lenger et fremtidstema for sm\u00e5 og mellomstore bedrifter - men en aktuell strategisk oppgave. Dette ble understreket under webinaret \u201e<strong>Varmeomstilling 2030: Hvordan sette kursen i dag for en effektiv og lovmedholdelig fremtid<\/strong>\", som ble arrangert av IHK Trier sammen med IHK-Arbeitsgemeinschaft Rheinland-Pfalz. I sin presentasjon <a href=\"https:\/\/www.linkedin.com\/in\/thomas-k%C3%BCbler-2a391a57\/\" target=\"_blank\" rel=\"noopener\">Thomas K\u00fcbler<\/a> (K\u00dcBLER GmbH Energiesparende Hallenheizungen) ga praktisk innsikt i de politiske rammebetingelsene og viste hvordan bedrifter kan gjennomf\u00f8re varmeomstillingen p\u00e5 en \u00f8konomisk m\u00e5te - spesielt i innend\u00f8rs- og yrkesbygg.<\/p>\r\n\r\n\r\n\r\n<p>Den erfarne gr\u00fcnderen ga viktige impulser:<\/p>\r\n\r\n\r\n\r\n<p><strong>\u2192 Varme er n\u00f8kkelen til energiomstillingen<\/strong><br \/>Varme st\u00e5r for opptil 70 % av energiforbruket i bedrifter - og det er her den st\u00f8rste innflytelsen ligger.<\/p>\r\n\r\n\r\n\r\n<p><strong>\u2192 Effektivitet f\u00f8r energikilder<\/strong><br \/>Sp\u00f8rsm\u00e5let om gass, elektrisitet eller hydrogen er ikke utgangspunktet, men snarere en optimalisering av det eksisterende systemet.<\/p>\r\n\r\n\r\n\r\n<p><strong>\u2192 Spesifikke krav til haller<\/strong><br \/>H\u00f8ye rom, luftstratifisering og korte brukstider gj\u00f8r ofte klassiske varmluftsl\u00f8sninger ineffektive.<\/p>\r\n\r\n\r\n\r\n<p><strong>\u2192 Teknologisk \u00e5penhet i stedet for teknologiske begrensninger<\/strong><br \/>Den avgj\u00f8rende faktoren er CO\u2082-reduksjon - ikke \u00e5 satse p\u00e5 \u00e9n enkelt l\u00f8sning.<\/p>\r\n\r\n\r\n\r\n<p><strong>\u2192 Infrar\u00f8dt som en effektiv tiln\u00e6rming<\/strong><br \/>Styrt varme reduserer tap, muliggj\u00f8r rask oppvarming og \u00f8ker brukeraksepten.<\/p>\r\n\r\n\r\n\r\n<p><strong>\u2192 Energifleksibilitet skaper fremtidig sikkerhet<\/strong><br \/>Systemer som integrerer ulike energikilder, \u00f8ker robustheten og effektiviteten.<\/p>\r\n\r\n\r\n\r\n<p><strong>\u2192 Digitalisering som en muliggj\u00f8rende faktor<\/strong><br \/>M\u00e5lbarhet og kontrollerbarhet er viktige forutsetninger for effektiv varmestyring.<\/p>\r\n\r\n\r\n\r\n\r\n\r\n<p>Moderert av <a href=\"https:\/\/www.linkedin.com\/in\/sarahsousa71918121b\/\" target=\"_blank\" rel=\"noopener\">Sarah Sousa<\/a>, energi- og milj\u00f8ansvarlig ved industri- og handelskammeret i Pfalz, var webseminaret ogs\u00e5 rettet mot ansatte og beslutningstakere fra sm\u00e5 og mellomstore bedrifter i den andre presentasjonen av Nicola Kimiaie fra Mittelstand-Digital Zentrum Franken. Det er jo s\u00e6rlig sm\u00e5 og mellomstore bedrifter som st\u00e5r overfor nye tekniske, \u00f8konomiske og regulatoriske utfordringer som f\u00f8lge av oppvarmingsomstillingen. Samtidig kan det \u00e5pne for store muligheter til \u00e5 utnytte energien mer effektivt, redusere kostnadene og utvikle nye former for varmeforsyning.<\/p>\r\n\r\n\r\n\r\n<p><strong>Konklusjon<\/strong><br \/>Overgangen til oppvarming starter med effektivitet - og kan i mange tilfeller realiseres \u00f8konomisk raskere enn antatt (ofte innen 5-7 \u00e5r). For sm\u00e5 og mellomstore bedrifter betyr dette at de som handler i dag, ikke bare kan oppfylle lovp\u00e5lagte krav, men ogs\u00e5 redusere kostnadene og sikre seg konkurransefortrinn p\u00e5 lang sikt.<\/p>\r\n\r\n\r\n\r\n\r\n\r\n<p>#Heat transition #Energy efficiency #SMEs #Energy transition #Sustainability #Industry #TTransformation #Digitalisation<\/p>","protected":false},"featured_media":157791,"template":"","class_list":["post-157790","shortnews","type-shortnews","status-publish","has-post-thumbnail","hentry"],"acf":[],"_links":{"self":[{"href":"https:\/\/www.kuebler-hallenheizungen.de\/nb\/wp-json\/wp\/v2\/shortnews\/157790","targetHints":{"allow":["GET"]}}],"collection":[{"href":"https:\/\/www.kuebler-hallenheizungen.de\/nb\/wp-json\/wp\/v2\/shortnews"}],"about":[{"href":"https:\/\/www.kuebler-hallenheizungen.de\/nb\/wp-json\/wp\/v2\/types\/shortnews"}],"wp:featuredmedia":[{"embeddable":true,"href":"https:\/\/www.kuebler-hallenheizungen.de\/nb\/wp-json\/wp\/v2\/media\/157791"}],"wp:attachment":[{"href":"https:\/\/www.kuebler-hallenheizungen.de\/nb\/wp-json\/wp\/v2\/media?parent=157790"}],"curies":[{"name":"wp","href":"https:\/\/api.w.org\/{rel}","templated":true}]}}