{"id":37667,"date":"2025-10-03T16:57:05","date_gmt":"2025-10-03T14:57:05","guid":{"rendered":"https:\/\/www.kuebler-hallenheizungen.de\/?post_type=shortnews&#038;p=37667"},"modified":"2025-10-05T20:03:00","modified_gmt":"2025-10-05T18:03:00","slug":"halleroppvarming-i-premiumkvalitet-produsert-i-ost-og-vest","status":"publish","type":"shortnews","link":"https:\/\/www.kuebler-hallenheizungen.de\/nb\/kurznews\/hallenheizungen-in-premium-qualitaet-made-ost-und-west\/","title":{"rendered":"Halleoppvarming i premiumkvalitet \u2013 produsert i \u00d8st og Vest."},"content":{"rendered":"<p>Hva forbinder K\u00dcBLER og den tyske enheten? Svaret er enkelt: Vi var de f\u00f8rste som bygget i Sachsen. Og vi er en av de f\u00e5 fra den f\u00f8rste tiden som fremdeles har r\u00f8tter \u201eder borte\u201c.<\/p>\n<p>Produksjonssenteret v\u00e5rt i Dresden har blitt en suksesshistorie. I dag produserer vi nesten alle komponentene til v\u00e5re avanserte hallvarmeanlegg selv. For \u00e5 oppn\u00e5 dette har vi investert mye i den omfattende kompetansen til v\u00e5re medarbeidere og i et toppmoderne maskinpark.<\/p>\n<p>Fra begynnelsen av var det viktigste imidlertid samholdet i den store K\u00dcBLER-familien. Ogs\u00e5 derfor er den tyske enhetens dag en helt spesiell dag for oss.<br \/>\nSammen har vi blitt teknologiledende og er stolte av \u00e5 kunne bidra p\u00e5 en viktig m\u00e5te til b\u00e6rekraftig og fremtidssikker oppvarming av n\u00e6ringsbygg \u2013 ekte Made in Germany.<\/p>\n<blockquote class=\"wp-embedded-content\" data-secret=\"BosXCaPnBf\"><p><a href=\"https:\/\/www.kuebler-hallenheizungen.de\/nb\/om-kuebler\/\">Om K\u00dcBLER<\/a><\/p><\/blockquote>\n<p><iframe class=\"wp-embedded-content\" sandbox=\"allow-scripts\" security=\"restricted\" style=\"position: absolute; visibility: hidden;\" title=\"\u201eOm K\u00dcBLER\u201c \u2014 K\u00dcBLER Energibesparende halloppvarming\" src=\"https:\/\/www.kuebler-hallenheizungen.de\/ueber-kuebler\/embed\/#?secret=sx6U3pizpg#?secret=BosXCaPnBf\" data-secret=\"BosXCaPnBf\" width=\"500\" height=\"282\" frameborder=\"0\" marginwidth=\"0\" marginheight=\"0\" scrolling=\"no\"><\/iframe><\/p>\n<p># Tysklands forening # Tysk forening # Gjenforening # Made in Germany # K\u00dcBLER # Halloppvarming # Energieffektivitet # Teknologileder # Oppvarmingsteknikk # B\u00e6rekraftige l\u00f8sninger # PremiumKvalitet #InnovasjonMadeInGermany<\/p>","protected":false},"featured_media":37671,"template":"","class_list":["post-37667","shortnews","type-shortnews","status-publish","has-post-thumbnail","hentry"],"acf":[],"_links":{"self":[{"href":"https:\/\/www.kuebler-hallenheizungen.de\/nb\/wp-json\/wp\/v2\/shortnews\/37667","targetHints":{"allow":["GET"]}}],"collection":[{"href":"https:\/\/www.kuebler-hallenheizungen.de\/nb\/wp-json\/wp\/v2\/shortnews"}],"about":[{"href":"https:\/\/www.kuebler-hallenheizungen.de\/nb\/wp-json\/wp\/v2\/types\/shortnews"}],"wp:featuredmedia":[{"embeddable":true,"href":"https:\/\/www.kuebler-hallenheizungen.de\/nb\/wp-json\/wp\/v2\/media\/37671"}],"wp:attachment":[{"href":"https:\/\/www.kuebler-hallenheizungen.de\/nb\/wp-json\/wp\/v2\/media?parent=37667"}],"curies":[{"name":"wp","href":"https:\/\/api.w.org\/{rel}","templated":true}]}}