{"id":76247,"date":"2026-01-11T20:56:46","date_gmt":"2026-01-11T19:56:46","guid":{"rendered":"https:\/\/www.kuebler-hallenheizungen.de\/?post_type=shortnews&#038;p=76247"},"modified":"2026-01-11T20:56:46","modified_gmt":"2026-01-11T19:56:46","slug":"vare-kununu-oyeblikk-2025-som-vi-feirer","status":"publish","type":"shortnews","link":"https:\/\/www.kuebler-hallenheizungen.de\/nb\/kurznews\/unsere-kununu-moments-2025-das-feiern-wir\/","title":{"rendered":"V\u00e5re kununu-\u00f8yeblikk 2025 - VI FEIRER!"},"content":{"rendered":"<p>Hos K\u00dcBLER m\u00f8ter mennesker mennesker. Det er derfor vi gj\u00f8r s\u00e5 mye for \u00e5 tilby kundene v\u00e5re de best mulige hallvarmesystemene og -tjenestene. Og det er derfor medarbeiderne v\u00e5re og det uformelle arbeidsmilj\u00f8et v\u00e5rt er s\u00e5 viktig for oss. Den er preget av lag\u00e5nd og gjensidig respekt. Av \u00e5penhet og rettferdighet. Vi er glade for at dette ogs\u00e5 gjenspeiles i kununu: I 2025 fl\u00f8y poengsummen v\u00e5r over bransjegjennomsnittet!<\/p>\n<p><iframe title=\"YouTube video player\" src=\"https:\/\/www.youtube.com\/embed\/qw58amhiCT8\" width=\"315\" height=\"560\" frameborder=\"0\" allowfullscreen=\"allowfullscreen\"><br \/>\n<\/iframe><\/p>\n<p>#KUEBLER #Hallvarme #Tlag\u00e5nd #Tmedarbeidertilfredshet #EArbeidgivermerkevare #Familiebedrift #Averdsettelse #rettferdighet #O\u00e5penhet #arbeidsklima #Kununu #TTopp arbeidsgiver #Industri #Energieffektivitet #Servicekvalitet #Servicekvalitet<\/p>","protected":false},"featured_media":76251,"template":"","class_list":["post-76247","shortnews","type-shortnews","status-publish","has-post-thumbnail","hentry"],"acf":[],"_links":{"self":[{"href":"https:\/\/www.kuebler-hallenheizungen.de\/nb\/wp-json\/wp\/v2\/shortnews\/76247","targetHints":{"allow":["GET"]}}],"collection":[{"href":"https:\/\/www.kuebler-hallenheizungen.de\/nb\/wp-json\/wp\/v2\/shortnews"}],"about":[{"href":"https:\/\/www.kuebler-hallenheizungen.de\/nb\/wp-json\/wp\/v2\/types\/shortnews"}],"wp:featuredmedia":[{"embeddable":true,"href":"https:\/\/www.kuebler-hallenheizungen.de\/nb\/wp-json\/wp\/v2\/media\/76251"}],"wp:attachment":[{"href":"https:\/\/www.kuebler-hallenheizungen.de\/nb\/wp-json\/wp\/v2\/media?parent=76247"}],"curies":[{"name":"wp","href":"https:\/\/api.w.org\/{rel}","templated":true}]}}