{"id":76406,"date":"2026-01-13T20:36:11","date_gmt":"2026-01-13T19:36:11","guid":{"rendered":"https:\/\/www.kuebler-hallenheizungen.de\/?post_type=shortnews&#038;p=76406"},"modified":"2026-01-29T20:49:25","modified_gmt":"2026-01-29T19:49:25","slug":"besok-oss-pa-hausbau-energiesparen-fra-16-til-18-januar","status":"publish","type":"shortnews","link":"https:\/\/www.kuebler-hallenheizungen.de\/nb\/kurznews\/besuchen-sie-uns-auf-der-hausbau-energiesparen-vom-16-bis-18-januar\/","title":{"rendered":"Bes\u00f8k oss p\u00e5 HausBau + EnergieSparen fra 16. til 18. januar"},"content":{"rendered":"<p>Fra <b>16. til 18. januar<\/b> finner sted i Tulln <b>Husbygging + energisparing <\/b>finner sted. Arrangementet er et sentralt m\u00f8tepunkt for bedrifter og fagbes\u00f8kende fra bransjene bygg og ombygging, bolig og innredning, energisparing og varmeteknikk, og gir en omfattende oversikt over aktuelle utviklinger og innovasjoner. Vi er glade for \u00e5 kunne invitere deg til \u00e5 bli med.<\/p>\n<p>Oppdag den innovative <b>Infrar\u00f8de hallvarmere fra teknologilederen<\/b> og finn ut hvordan du kan varme opp hallbygningene dine p\u00e5 en sv\u00e6rt \u00f8konomisk og CO2-fri m\u00e5te:<\/p>\n<p>i Hall 3 - 350<\/p>\n<p>Under hele messen vil vi v\u00e6re til stede p\u00e5 standen til v\u00e5r \u00f8sterrikske spesialistpartner <b>raymann kraft der sonne - photovoltaikanlagen gmbH<\/b> representert. Der vil vi v\u00e6re tilgjengelige for personlige samtaler, produktpresentasjoner og teknisk dialog om bruksomr\u00e5der og l\u00f8sninger.<\/p>\n<p>Benytt anledningen til \u00e5 bli kjent med ledende innovasjoner direkte p\u00e5 stedet, og diskuter konkrete prosjekter med oss. Vi avtaler ogs\u00e5 gjerne et individuelt m\u00f8te p\u00e5 forh\u00e5nd.<\/p>\n<p><b>#HusbyggingEnergisparing #Tulln #ConstructionFair #EnergySaving #HeatingTechnology #InfraredHeating #HallHeating #CO2free #EnergyEfficiency #SustainableConstruction #SustainableConstruction #Industribygg #Commersielle bygg #PVoltaics #IinnovativEnergi #Energiomlegging #Tteknologileder #Tmesse #Cbyggrenovering #LivingEquipment<\/b><\/p>","protected":false},"featured_media":76409,"template":"","class_list":["post-76406","shortnews","type-shortnews","status-publish","has-post-thumbnail","hentry"],"acf":[],"_links":{"self":[{"href":"https:\/\/www.kuebler-hallenheizungen.de\/nb\/wp-json\/wp\/v2\/shortnews\/76406","targetHints":{"allow":["GET"]}}],"collection":[{"href":"https:\/\/www.kuebler-hallenheizungen.de\/nb\/wp-json\/wp\/v2\/shortnews"}],"about":[{"href":"https:\/\/www.kuebler-hallenheizungen.de\/nb\/wp-json\/wp\/v2\/types\/shortnews"}],"wp:featuredmedia":[{"embeddable":true,"href":"https:\/\/www.kuebler-hallenheizungen.de\/nb\/wp-json\/wp\/v2\/media\/76409"}],"wp:attachment":[{"href":"https:\/\/www.kuebler-hallenheizungen.de\/nb\/wp-json\/wp\/v2\/media?parent=76406"}],"curies":[{"name":"wp","href":"https:\/\/api.w.org\/{rel}","templated":true}]}}