{"id":80157,"date":"2026-01-18T20:51:37","date_gmt":"2026-01-18T19:51:37","guid":{"rendered":"https:\/\/www.kuebler-hallenheizungen.de\/?post_type=shortnews&#038;p=80157"},"modified":"2026-01-18T20:51:37","modified_gmt":"2026-01-18T19:51:37","slug":"ledende-hallvarmesystemer-pa-messe-i-osterrike","status":"publish","type":"shortnews","link":"https:\/\/www.kuebler-hallenheizungen.de\/nb\/kurznews\/fuehrende-hallenheizungen-auf-messe-in-oesterreich\/","title":{"rendered":"Ledende hallvarmesystemer p\u00e5 messe i \u00d8sterrike"},"content":{"rendered":"<p>Energifleksible halloppvarmingssystemer for energiomstillingen i \u00d8sterrike: Sammen med v\u00e5r spesialpartner raymann kraft der sonne - photovoltaikanlagen gmbH presenterte vi oss p\u00e5 HausBau + EnergieSparen-messen i Tulln. Frem til 18. januar kunne du finne ut hvordan du kan varme opp hallbygningene dine p\u00e5 en sv\u00e6rt \u00f8konomisk og CO\u2082-fri m\u00e5te.<\/p>\n<p>Det var et spennende tema som ogs\u00e5 vakte stor interesse p\u00e5 tvers av alle sektorer - ettersom de bes\u00f8kende p\u00e5 messen ogs\u00e5 hadde en kommersiell bakgrunn og var p\u00e5 jakt etter de riktige svarene for \u00e5 g\u00e5 over til b\u00e6rekraftige energikilder og spare energikostnader. Vi takker for de mange diskusjonene og ser frem til \u00e5 motta flere sp\u00f8rsm\u00e5l, ogs\u00e5 p\u00e5 nettet.<\/p>\n<p>1TP5HusbyggEnergisparing #Tulln 1TP5\u00d8sterrike 1TP5Energiomlegging 1TP5Halloppvarming #Infrar\u00f8d oppvarming 1TP5Industriell oppvarming #CO2-fri oppvarming 1TP5Energieffektivitet 1TP5B\u00e6rekraftig oppvarming #PV #Photovoltaics #PVsystems #energyflexible #commercialhalls #industrihalls #hefutureofheating #Traymann #Kuebler #Kueblerheating systems #Kueblerheating systems<\/p>","protected":false},"featured_media":80164,"template":"","class_list":["post-80157","shortnews","type-shortnews","status-publish","has-post-thumbnail","hentry"],"acf":[],"_links":{"self":[{"href":"https:\/\/www.kuebler-hallenheizungen.de\/nb\/wp-json\/wp\/v2\/shortnews\/80157","targetHints":{"allow":["GET"]}}],"collection":[{"href":"https:\/\/www.kuebler-hallenheizungen.de\/nb\/wp-json\/wp\/v2\/shortnews"}],"about":[{"href":"https:\/\/www.kuebler-hallenheizungen.de\/nb\/wp-json\/wp\/v2\/types\/shortnews"}],"wp:featuredmedia":[{"embeddable":true,"href":"https:\/\/www.kuebler-hallenheizungen.de\/nb\/wp-json\/wp\/v2\/media\/80164"}],"wp:attachment":[{"href":"https:\/\/www.kuebler-hallenheizungen.de\/nb\/wp-json\/wp\/v2\/media?parent=80157"}],"curies":[{"name":"wp","href":"https:\/\/api.w.org\/{rel}","templated":true}]}}