{"id":85732,"date":"2026-01-23T16:34:59","date_gmt":"2026-01-23T15:34:59","guid":{"rendered":"https:\/\/www.kuebler-hallenheizungen.de\/?post_type=shortnews&#038;p=85732"},"modified":"2026-01-26T13:44:57","modified_gmt":"2026-01-26T12:44:57","slug":"kuehler-igjen-hedret-som-beste-bedrift","status":"publish","type":"shortnews","link":"https:\/\/www.kuebler-hallenheizungen.de\/nb\/kurznews\/kuebler-erneut-als-top-company-ausgezeichnet\/","title":{"rendered":"K\u00dcBLER nok en gang hedret som et toppselskap"},"content":{"rendered":"<p>Dette gj\u00f8r K\u00dcBLER til et av selskapene med det beste arbeidsmilj\u00f8et i Rheinland-Pfalz.<\/p>\n<p>K\u00dcBLER er stolte over \u00e5 ha blitt hedret nok en gang: \u201eVi gjorde det igjen!\u201c For tredje gang p\u00e5 rad har den Ludwigshafen-baserte hallvarmespesialisten blitt hedret med det ettertraktede Top Company-stempelet - en utmerkelse som bare rundt fem prosent av alle bedrifter p\u00e5 kununu mottar hvert \u00e5r.<\/p>\n<p>K\u00dcBLER-familien ser p\u00e5 seg selv som et team som trekker i samme retning. \u201eDette er viktig for oss og kjennetegner v\u00e5rt verdiorienterte arbeidsklima.\u201c<\/p>\n<p><a href=\"https:\/\/www.kuebler-hallenheizungen.de\/nb\/trykk\/pressemeldinger\/kuehler-igjen-hedret-som-beste-bedrift\/\">Les mer om dette<\/a><\/p>\n<p>#KUEBLER #TToppbedrift #KununuToppbedrift #TTopparbeidsgiver #EmployerRhinelandPalatinate #BesteArbeidsmilj\u00f8 #TteamKuebler #KueblerFamily #WorkingClimate #ValueOriented #Teamwork #EmployeeSatisfaction #EmployerBranding #Ludwigshafen #WeAreKuebler<\/p>\n<p>&nbsp;<\/p>","protected":false},"featured_media":85736,"template":"","class_list":["post-85732","shortnews","type-shortnews","status-publish","has-post-thumbnail","hentry"],"acf":[],"_links":{"self":[{"href":"https:\/\/www.kuebler-hallenheizungen.de\/nb\/wp-json\/wp\/v2\/shortnews\/85732","targetHints":{"allow":["GET"]}}],"collection":[{"href":"https:\/\/www.kuebler-hallenheizungen.de\/nb\/wp-json\/wp\/v2\/shortnews"}],"about":[{"href":"https:\/\/www.kuebler-hallenheizungen.de\/nb\/wp-json\/wp\/v2\/types\/shortnews"}],"wp:featuredmedia":[{"embeddable":true,"href":"https:\/\/www.kuebler-hallenheizungen.de\/nb\/wp-json\/wp\/v2\/media\/85736"}],"wp:attachment":[{"href":"https:\/\/www.kuebler-hallenheizungen.de\/nb\/wp-json\/wp\/v2\/media?parent=85732"}],"curies":[{"name":"wp","href":"https:\/\/api.w.org\/{rel}","templated":true}]}}