{"id":91483,"date":"2026-01-29T20:48:28","date_gmt":"2026-01-29T19:48:28","guid":{"rendered":"https:\/\/www.kuebler-hallenheizungen.de\/?post_type=shortnews&#038;p=91483"},"modified":"2026-01-29T20:49:07","modified_gmt":"2026-01-29T19:49:07","slug":"hvorfor-bruker-kuebler-infrarod-mork-radiatorteknologi","status":"publish","type":"shortnews","link":"https:\/\/www.kuebler-hallenheizungen.de\/nb\/kurznews\/warum-setzt-kuebler-auf-die-infrarot-dunkelstrahler-technik\/","title":{"rendered":"Hvorfor bruker K\u00dcBLER infrar\u00f8d m\u00f8rk radiatorteknologi?"},"content":{"rendered":"<p>K\u00dcBLER har hatt en misjon siden 1989: Vi \u00f8nsker \u00e5 gj\u00f8re energiomstillingen s\u00e5 \u00f8konomisk og enkel som mulig for kundene v\u00e5re. I den forbindelse har vi et klart fokus p\u00e5 infrar\u00f8d teknologi. Den naturlige varmestr\u00e5lingen fra solen har tross alt alltid hatt de mest overbevisende fordelene blant hallvarmesystemer: M\u00f8rke str\u00e5leovner fungerer effektivt, er enkle \u00e5 betjene og genererer en sv\u00e6rt behagelig, trekkfri varme. I tillegg kan de desentraliserte systemene styres etter behov - for hver varmesone i hallen. Dette sparer ogs\u00e5 energi, senker kostnadene og reduserer CO\u2082-utslippene. Etter v\u00e5r mening den beste oppvarmingsteknologien for alle haller. Fremtidssikker, teknisk overbevisende og i samsvar med loven.<\/p>\n<p>&nbsp;<\/p>\n<p>1TP5Energiovergang #Infrar\u00f8d oppvarming 1TP5M\u00f8rke radiatorer 1TP5D\u00f8rvarme 1TP5Energieffektivitet #CO2-reduksjon #Fremtidssikker teknologi<\/p>","protected":false},"featured_media":91486,"template":"","class_list":["post-91483","shortnews","type-shortnews","status-publish","has-post-thumbnail","hentry"],"acf":[],"_links":{"self":[{"href":"https:\/\/www.kuebler-hallenheizungen.de\/nb\/wp-json\/wp\/v2\/shortnews\/91483","targetHints":{"allow":["GET"]}}],"collection":[{"href":"https:\/\/www.kuebler-hallenheizungen.de\/nb\/wp-json\/wp\/v2\/shortnews"}],"about":[{"href":"https:\/\/www.kuebler-hallenheizungen.de\/nb\/wp-json\/wp\/v2\/types\/shortnews"}],"wp:featuredmedia":[{"embeddable":true,"href":"https:\/\/www.kuebler-hallenheizungen.de\/nb\/wp-json\/wp\/v2\/media\/91486"}],"wp:attachment":[{"href":"https:\/\/www.kuebler-hallenheizungen.de\/nb\/wp-json\/wp\/v2\/media?parent=91483"}],"curies":[{"name":"wp","href":"https:\/\/api.w.org\/{rel}","templated":true}]}}