{"id":157597,"date":"2026-04-26T18:54:55","date_gmt":"2026-04-26T16:54:55","guid":{"rendered":"https:\/\/www.kuebler-hallenheizungen.de\/?post_type=shortnews&#038;p=157597"},"modified":"2026-04-26T19:03:30","modified_gmt":"2026-04-26T17:03:30","slug":"soendagstankar-26-04-2026","status":"publish","type":"shortnews","link":"https:\/\/www.kuebler-hallenheizungen.de\/sv\/kurznews\/sonntagsgedanken-26-04-2026\/","title":{"rendered":"S\u00f6ndagstankar"},"content":{"rendered":"<p>S\u00f6ndagen. Den perfekta dagen f\u00f6r att stanna upp en stund - och blicka fram\u00e5t mot morgondagen.<br \/>Senast \u00e5r 2045 kommer Tyskland att ha klimatneutral uppv\u00e4rmning. \u00c4ven i produktionshallar och lagerlokaler.<\/p>\r\n\r\n\r\n\r\n<p>De goda nyheterna: <strong>Tekniken f\u00f6r detta finns redan idag.<\/strong><br \/>De energiflexibla infrar\u00f6da hallv\u00e4rmesystemen fr\u00e5n K\u00dcBLER arbetar redan 50-70 procent effektivare \u00e4n konventionella system. FUTURA v\u00e4xlar s\u00f6ml\u00f6st mellan el, biogas, v\u00e4tgas, naturgas eller metan - alltid den energik\u00e4lla som \u00e4r tillg\u00e4nglig varje dag och som \u00e4r billigast.<\/p>\r\n\r\n\r\n\r\n<p><strong>Mindre energi. Mindre koldioxid. L\u00e4gre kostnader.<\/strong><\/p>\r\n\r\n\r\n\r\n\r\n\r\n<p>Och utan n\u00e5gra kompromisser - inte ens i arbetsomr\u00e5det i din hall.<br \/>F\u00f6r solens naturliga v\u00e4rmestr\u00e5lning v\u00e4rmer precis d\u00e4r dina medarbetare beh\u00f6ver det: under, p\u00e5 hallgolvet. Inte under hallens tak.<\/p>\r\n\r\n\r\n\r\n<p>Den som planerar idag beslutar om morgondagens energikostnader<br \/>och hur konkurrenskraftig hans hall fortfarande kommer att vara 2045.<\/p>\r\n\r\n\r\n\r\n<p>K\u00dcBLER \u00f6nskar dig en avkopplande s\u00f6ndag.<\/p>\r\n\r\n\r\n\r\n<p>#Sundaythought #energyturnaround #Hallheating #Infrar\u00f6d uppv\u00e4rmning #FUTURA #Decarbonisation #ClimateNeutral2045 #Energyefficiency #CO2reduction #Competitiveadvantage<\/p>","protected":false},"featured_media":157601,"template":"","class_list":["post-157597","shortnews","type-shortnews","status-publish","has-post-thumbnail","hentry"],"acf":[],"_links":{"self":[{"href":"https:\/\/www.kuebler-hallenheizungen.de\/sv\/wp-json\/wp\/v2\/shortnews\/157597","targetHints":{"allow":["GET"]}}],"collection":[{"href":"https:\/\/www.kuebler-hallenheizungen.de\/sv\/wp-json\/wp\/v2\/shortnews"}],"about":[{"href":"https:\/\/www.kuebler-hallenheizungen.de\/sv\/wp-json\/wp\/v2\/types\/shortnews"}],"wp:featuredmedia":[{"embeddable":true,"href":"https:\/\/www.kuebler-hallenheizungen.de\/sv\/wp-json\/wp\/v2\/media\/157601"}],"wp:attachment":[{"href":"https:\/\/www.kuebler-hallenheizungen.de\/sv\/wp-json\/wp\/v2\/media?parent=157597"}],"curies":[{"name":"wp","href":"https:\/\/api.w.org\/{rel}","templated":true}]}}