{"id":157790,"date":"2026-04-28T22:10:55","date_gmt":"2026-04-28T20:10:55","guid":{"rendered":"https:\/\/www.kuebler-hallenheizungen.de\/kurznews\/waermewende-2030-weichen-stellen\/"},"modified":"2026-04-28T22:18:29","modified_gmt":"2026-04-28T20:18:29","slug":"banar-vaeg-foer-vaendningen-2030","status":"publish","type":"shortnews","link":"https:\/\/www.kuebler-hallenheizungen.de\/sv\/kurznews\/waermewende-2030-weichen-stellen\/","title":{"rendered":"Hur f\u00f6retag s\u00e4tter r\u00e4tt kurs idag"},"content":{"rendered":"<p>V\u00e4rme\u00f6verg\u00e5ngen \u00e4r inte l\u00e4ngre ett framtids\u00e4mne f\u00f6r sm\u00e5 och medelstora f\u00f6retag - utan en aktuell strategisk uppgift. Detta betonades under webbinariet \u201e<strong>V\u00e4rmeomst\u00e4llning 2030: Hur du redan idag kan s\u00e4tta kursen mot en effektiv och r\u00e4ttss\u00e4ker framtid<\/strong>\", som anordnades av IHK Trier tillsammans med IHK-Arbeitsgemeinschaft Rheinland-Pfalz. I sin presentation <a href=\"https:\/\/www.linkedin.com\/in\/thomas-k%C3%BCbler-2a391a57\/\" target=\"_blank\" rel=\"noopener\">Thomas K\u00fcbler<\/a> (K\u00dcBLER GmbH Energiesparende Hallenheizungen) gav praktiska insikter i det politiska ramverket och visade hur f\u00f6retag kan genomf\u00f6ra v\u00e4rme\u00f6verg\u00e5ngen p\u00e5 ett ekonomiskt s\u00e4tt - s\u00e4rskilt i inomhusbyggnader och andra byggnader \u00e4n bost\u00e4der.<\/p>\r\n\r\n\r\n\r\n<p>Den erfarna entrepren\u00f6ren gav viktiga impulser:<\/p>\r\n\r\n\r\n\r\n<p><strong>\u2192 V\u00e4rme \u00e4r nyckeln till energiomst\u00e4llningen<\/strong><br \/>V\u00e4rme st\u00e5r f\u00f6r upp till 70 % av energif\u00f6rbrukningen i f\u00f6retag - det \u00e4r h\u00e4r den st\u00f6rsta h\u00e4vst\u00e5ngseffekten finns.<\/p>\r\n\r\n\r\n\r\n<p><strong>\u2192 Effektivitet f\u00f6re energik\u00e4llor<\/strong><br \/>Fr\u00e5gan om gas, el eller v\u00e4tgas \u00e4r inte utg\u00e5ngspunkten, utan snarare optimeringen av det befintliga systemet.<\/p>\r\n\r\n\r\n\r\n<p><strong>\u2192 Specifika krav f\u00f6r hallar<\/strong><br \/>H\u00f6ga rum, luftskiktning och korta anv\u00e4ndningstider g\u00f6r ofta klassiska varmluftsl\u00f6sningar ineffektiva.<\/p>\r\n\r\n\r\n\r\n<p><strong>\u2192 Teknologisk \u00f6ppenhet i st\u00e4llet f\u00f6r tekniska begr\u00e4nsningar<\/strong><br \/>Den avg\u00f6rande faktorn \u00e4r koldioxidminskningen - inte engagemanget f\u00f6r en enda l\u00f6sning.<\/p>\r\n\r\n\r\n\r\n<p><strong>\u2192 Infrar\u00f6d som ett effektivt tillv\u00e4gag\u00e5ngss\u00e4tt<\/strong><br \/>Riktad v\u00e4rme minskar f\u00f6rlusterna, m\u00f6jligg\u00f6r snabb uppv\u00e4rmning och \u00f6kar anv\u00e4ndarnas acceptans.<\/p>\r\n\r\n\r\n\r\n<p><strong>\u2192 Energiflexibilitet skapar framtidss\u00e4kerhet<\/strong><br \/>System som integrerar olika energik\u00e4llor \u00f6kar motst\u00e5ndskraften och effektiviteten.<\/p>\r\n\r\n\r\n\r\n<p><strong>\u2192 Digitalisering som m\u00f6jligg\u00f6rare<\/strong><br \/>M\u00e4tbarhet och styrbarhet \u00e4r viktiga f\u00f6ruts\u00e4ttningar f\u00f6r effektiv v\u00e4rmehantering.<\/p>\r\n\r\n\r\n\r\n\r\n\r\n<p>Modereras av <a href=\"https:\/\/www.linkedin.com\/in\/sarahsousa71918121b\/\" target=\"_blank\" rel=\"noopener\">Sarah Sousa<\/a>, Webbseminariet riktade sig ocks\u00e5 till anst\u00e4llda och beslutsfattare i sm\u00e5 och medelstora f\u00f6retag i den andra presentationen av Nicola Kimiaie fr\u00e5n Mittelstand-Digital Zentrum Franken. N\u00e4r allt kommer omkring st\u00e5r s\u00e4rskilt sm\u00e5 och medelstora f\u00f6retag inf\u00f6r nya tekniska, ekonomiska och regleringsm\u00e4ssiga utmaningar som ett resultat av v\u00e4rme\u00f6verg\u00e5ngen. Samtidigt kan det dock \u00f6ppna upp f\u00f6r stora m\u00f6jligheter att anv\u00e4nda energi mer effektivt, minska kostnaderna och utveckla nya former av v\u00e4rmef\u00f6rs\u00f6rjning.<\/p>\r\n\r\n\r\n\r\n<p><strong>Slutsats:<\/strong><br \/>\u00d6verg\u00e5ngen till uppv\u00e4rmning b\u00f6rjar med effektivitet - och kan i m\u00e5nga fall realiseras ekonomiskt snabbare \u00e4n vad som antagits (ofta inom 5-7 \u00e5r). F\u00f6r sm\u00e5 och medelstora f\u00f6retag inneb\u00e4r detta att de som agerar idag inte bara kan uppfylla lagstadgade krav, utan ocks\u00e5 s\u00e4nka kostnaderna och s\u00e4kra konkurrensf\u00f6rdelar p\u00e5 l\u00e5ng sikt.<\/p>\r\n\r\n\r\n\r\n\r\n\r\n<p>#Heat transition #Energy efficiency #SMEs #Energy transition #Sustainability #Industry #TTransformation #Digitalisation<\/p>","protected":false},"featured_media":157791,"template":"","class_list":["post-157790","shortnews","type-shortnews","status-publish","has-post-thumbnail","hentry"],"acf":[],"_links":{"self":[{"href":"https:\/\/www.kuebler-hallenheizungen.de\/sv\/wp-json\/wp\/v2\/shortnews\/157790","targetHints":{"allow":["GET"]}}],"collection":[{"href":"https:\/\/www.kuebler-hallenheizungen.de\/sv\/wp-json\/wp\/v2\/shortnews"}],"about":[{"href":"https:\/\/www.kuebler-hallenheizungen.de\/sv\/wp-json\/wp\/v2\/types\/shortnews"}],"wp:featuredmedia":[{"embeddable":true,"href":"https:\/\/www.kuebler-hallenheizungen.de\/sv\/wp-json\/wp\/v2\/media\/157791"}],"wp:attachment":[{"href":"https:\/\/www.kuebler-hallenheizungen.de\/sv\/wp-json\/wp\/v2\/media?parent=157790"}],"curies":[{"name":"wp","href":"https:\/\/api.w.org\/{rel}","templated":true}]}}